{"id":10044,"date":"2024-03-31T03:38:53","date_gmt":"2024-03-31T06:38:53","guid":{"rendered":"https:\/\/www.correiodascidades.com.br\/v1\/?p=10044"},"modified":"2024-03-31T03:51:00","modified_gmt":"2024-03-31T06:51:00","slug":"itabuna-carro-capota-em-frete-a-catedral-de-sao-jose","status":"publish","type":"post","link":"https:\/\/www.correiodascidades.com.br\/v1\/2024\/03\/31\/itabuna-carro-capota-em-frete-a-catedral-de-sao-jose\/","title":{"rendered":"ITABUNA: Carro capota em frete a Catedral de S\u00e3o Jos\u00e9 . Veja o video"},"content":{"rendered":"<p>Um carro capotou na ladeira que d\u00e1 acesso a igreja de S\u00e3o Jos\u00e9, na Rua das Na\u00e7\u00f5es Unidas em Itabuna na madrugada deste domingo.<\/p>\n<p>O que aconteceu para o corrido ningu\u00e9m sabe explicar, o fato \u00e9 que o veiculo ficou de pernas pro ar. No momento do epis\u00f3dio, o carro tinha um casal dentro e uma crian\u00e7a.<\/p>\n<p>As identidades dos ocupantes n\u00e3o foram reveladas, populares ajudaram na sa\u00edda dos mesmos de dentro do ve\u00edculo.<\/p>\n<p>O carro foi desvirado e o propriet\u00e1rio seguiu viagem horas depois.<\/p>\n<p><iframe loading=\"lazy\" title=\"WhatsApp Video 2024 03 30 at 11 36 35 PM\" width=\"500\" height=\"281\" src=\"https:\/\/www.youtube.com\/embed\/lWo4FjQaGvo?feature=oembed\" frameborder=\"0\" allow=\"accelerometer; autoplay; clipboard-write; encrypted-media; gyroscope; picture-in-picture; web-share\" referrerpolicy=\"strict-origin-when-cross-origin\" allowfullscreen><\/iframe><\/p>\n<p>Reda\u00e7\u00e3o Correio, video e foto enviado por um colaborador.<\/p>\n<p>Espalhe esta noticia.\u00a0 Envie fotos ou mat\u00e9ria pr\u00e1 nosso correio. 73-99144-9295 Zaap.<\/p>\n","protected":false},"excerpt":{"rendered":"<p>Um carro capotou na ladeira que d\u00e1 acesso a igreja de S\u00e3o Jos\u00e9, na Rua das Na\u00e7\u00f5es Unidas em Itabuna na madrugada deste domingo. O que aconteceu para o corrido ningu\u00e9m sabe explicar, o fato \u00e9 que o veiculo ficou de pernas pro ar. No momento do epis\u00f3dio, o carro tinha um casal dentro e [&hellip;]<\/p>\n","protected":false},"author":3,"featured_media":10042,"comment_status":"closed","ping_status":"closed","sticky":false,"template":"","format":"standard","meta":{"_links_to":"","_links_to_target":""},"categories":[1],"tags":[],"_links":{"self":[{"href":"https:\/\/www.correiodascidades.com.br\/v1\/wp-json\/wp\/v2\/posts\/10044"}],"collection":[{"href":"https:\/\/www.correiodascidades.com.br\/v1\/wp-json\/wp\/v2\/posts"}],"about":[{"href":"https:\/\/www.correiodascidades.com.br\/v1\/wp-json\/wp\/v2\/types\/post"}],"author":[{"embeddable":true,"href":"https:\/\/www.correiodascidades.com.br\/v1\/wp-json\/wp\/v2\/users\/3"}],"replies":[{"embeddable":true,"href":"https:\/\/www.correiodascidades.com.br\/v1\/wp-json\/wp\/v2\/comments?post=10044"}],"version-history":[{"count":2,"href":"https:\/\/www.correiodascidades.com.br\/v1\/wp-json\/wp\/v2\/posts\/10044\/revisions"}],"predecessor-version":[{"id":10046,"href":"https:\/\/www.correiodascidades.com.br\/v1\/wp-json\/wp\/v2\/posts\/10044\/revisions\/10046"}],"wp:featuredmedia":[{"embeddable":true,"href":"https:\/\/www.correiodascidades.com.br\/v1\/wp-json\/wp\/v2\/media\/10042"}],"wp:attachment":[{"href":"https:\/\/www.correiodascidades.com.br\/v1\/wp-json\/wp\/v2\/media?parent=10044"}],"wp:term":[{"taxonomy":"category","embeddable":true,"href":"https:\/\/www.correiodascidades.com.br\/v1\/wp-json\/wp\/v2\/categories?post=10044"},{"taxonomy":"post_tag","embeddable":true,"href":"https:\/\/www.correiodascidades.com.br\/v1\/wp-json\/wp\/v2\/tags?post=10044"}],"curies":[{"name":"wp","href":"https:\/\/api.w.org\/{rel}","templated":true}]}}