{"id":10138,"date":"2024-04-04T08:05:10","date_gmt":"2024-04-04T11:05:10","guid":{"rendered":"https:\/\/www.correiodascidades.com.br\/v1\/?p=10138"},"modified":"2024-04-04T08:05:10","modified_gmt":"2024-04-04T11:05:10","slug":"crianca-morre-em-segundo-acidente-com-transporte-escolar-na-bahia-neste-ano","status":"publish","type":"post","link":"https:\/\/www.correiodascidades.com.br\/v1\/2024\/04\/04\/crianca-morre-em-segundo-acidente-com-transporte-escolar-na-bahia-neste-ano\/","title":{"rendered":"Crian\u00e7a morre em segundo acidente com transporte escolar na Bahia neste ano"},"content":{"rendered":"<header class=\"entry-header mb-3\">\n<h1 class=\"entry-title\"><\/h1>\n<div class=\"entry-meta\"><\/div>\n<\/header>\n<div class=\"entry-content\">\n<figure id=\"attachment_165087\" class=\"wp-caption aligncenter\" aria-describedby=\"caption-attachment-165087\"><img loading=\"lazy\" class=\"wp-image-165087 size-medium\" src=\"https:\/\/ipiauonline.com.br\/wp-content\/uploads\/2024\/04\/5cc7d20430d600221340edfd076fea31-495x340.jpeg\" sizes=\"(max-width: 495px) 100vw, 495px\" srcset=\"https:\/\/ipiauonline.com.br\/wp-content\/uploads\/2024\/04\/5cc7d20430d600221340edfd076fea31-495x340.jpeg 495w, https:\/\/ipiauonline.com.br\/wp-content\/uploads\/2024\/04\/5cc7d20430d600221340edfd076fea31.jpeg 651w\" alt=\"\" width=\"495\" height=\"340\" \/><figcaption id=\"caption-attachment-165087\" class=\"wp-caption-text\">Divulga\u00e7\u00e3o Pref Siqueira Campos<\/figcaption><\/figure>\n<p>Uma crian\u00e7a, de seis anos, morreu ap\u00f3s ser atropelada por um \u00f4nibus escolar em Barra, na regi\u00e3o do Velho Chico, Oeste baiano. O acidente ocorreu na tarde desta quarta-feira (3) na principal avenida da cidade. No local h\u00e1 um ponto onde as crian\u00e7as costumam ser levadas aos cuidados dos pais.<\/p>\n<p>Segundo a TV Oeste, a v\u00edtima, identificada como Thaylla Lorena da Cruz dos Santos, estava com a m\u00e3e quando foi atingida. Esse \u00e9 o segundo acidente que envolve crian\u00e7as e transporte escolar no estado em menos de dois meses. No final de fevereiro, uma crian\u00e7a, de cinco anos, morreu em um transporte escolar municipal de Ipir\u00e1, na Bacia do Jacu\u00edpe.<\/p>\n<p>Por meio de nota, a prefeitura de Barra declarou que j\u00e1 adota \u201ctodas as provid\u00eancias cab\u00edveis\u201d para esclarecer as circunst\u00e2ncias do acidente junto \u00e0 Pol\u00edcia T\u00e9cnica. A gest\u00e3o disse ainda que o \u00f4nibus envolvido no acidente estaria regular e o motorista habilitado, com mais de 15 anos de experi\u00eancia na fun\u00e7\u00e3o. Devido ao caso, a prefeitura decretou luto oficial de tr\u00eas dias<\/p>\n<p><em>BN<\/em><\/p>\n<\/div>\n","protected":false},"excerpt":{"rendered":"<p>Divulga\u00e7\u00e3o Pref Siqueira Campos Uma crian\u00e7a, de seis anos, morreu ap\u00f3s ser atropelada por um \u00f4nibus escolar em Barra, na regi\u00e3o do Velho Chico, Oeste baiano. O acidente ocorreu na tarde desta quarta-feira (3) na principal avenida da cidade. No local h\u00e1 um ponto onde as crian\u00e7as costumam ser levadas aos cuidados dos pais. Segundo [&hellip;]<\/p>\n","protected":false},"author":3,"featured_media":10136,"comment_status":"closed","ping_status":"closed","sticky":false,"template":"","format":"standard","meta":{"_links_to":"","_links_to_target":""},"categories":[1],"tags":[],"_links":{"self":[{"href":"https:\/\/www.correiodascidades.com.br\/v1\/wp-json\/wp\/v2\/posts\/10138"}],"collection":[{"href":"https:\/\/www.correiodascidades.com.br\/v1\/wp-json\/wp\/v2\/posts"}],"about":[{"href":"https:\/\/www.correiodascidades.com.br\/v1\/wp-json\/wp\/v2\/types\/post"}],"author":[{"embeddable":true,"href":"https:\/\/www.correiodascidades.com.br\/v1\/wp-json\/wp\/v2\/users\/3"}],"replies":[{"embeddable":true,"href":"https:\/\/www.correiodascidades.com.br\/v1\/wp-json\/wp\/v2\/comments?post=10138"}],"version-history":[{"count":1,"href":"https:\/\/www.correiodascidades.com.br\/v1\/wp-json\/wp\/v2\/posts\/10138\/revisions"}],"predecessor-version":[{"id":10139,"href":"https:\/\/www.correiodascidades.com.br\/v1\/wp-json\/wp\/v2\/posts\/10138\/revisions\/10139"}],"wp:featuredmedia":[{"embeddable":true,"href":"https:\/\/www.correiodascidades.com.br\/v1\/wp-json\/wp\/v2\/media\/10136"}],"wp:attachment":[{"href":"https:\/\/www.correiodascidades.com.br\/v1\/wp-json\/wp\/v2\/media?parent=10138"}],"wp:term":[{"taxonomy":"category","embeddable":true,"href":"https:\/\/www.correiodascidades.com.br\/v1\/wp-json\/wp\/v2\/categories?post=10138"},{"taxonomy":"post_tag","embeddable":true,"href":"https:\/\/www.correiodascidades.com.br\/v1\/wp-json\/wp\/v2\/tags?post=10138"}],"curies":[{"name":"wp","href":"https:\/\/api.w.org\/{rel}","templated":true}]}}