{"id":1026,"date":"2022-10-26T16:48:34","date_gmt":"2022-10-26T19:48:34","guid":{"rendered":"https:\/\/www.correiodascidades.com.br\/v1\/?p=1026"},"modified":"2022-10-26T16:48:34","modified_gmt":"2022-10-26T19:48:34","slug":"congresso-sucesu-debate-tecnologia-e-sustentabilidade-na-bahia-evento-tem-a-presenca-de-um-dos-maiores-especialista-em-ti-do-mundo","status":"publish","type":"post","link":"https:\/\/www.correiodascidades.com.br\/v1\/2022\/10\/26\/congresso-sucesu-debate-tecnologia-e-sustentabilidade-na-bahia-evento-tem-a-presenca-de-um-dos-maiores-especialista-em-ti-do-mundo\/","title":{"rendered":"Congresso SUCESU debate tecnologia e sustentabilidade na Bahia  Evento tem a presen\u00e7a de um dos maiores especialista em TI do mundo"},"content":{"rendered":"<p style=\"text-align: justify;\"><img loading=\"lazy\" class=\"alignnone wp-image-1027\" src=\"https:\/\/www.correiodascidades.com.br\/v1\/wp-content\/uploads\/2022\/10\/parceiro-edmundo-palestra-e1666797625333-300x200.jpg\" alt=\"\" width=\"614\" height=\"409\" srcset=\"https:\/\/www.correiodascidades.com.br\/v1\/wp-content\/uploads\/2022\/10\/parceiro-edmundo-palestra-e1666797625333-300x200.jpg 300w, https:\/\/www.correiodascidades.com.br\/v1\/wp-content\/uploads\/2022\/10\/parceiro-edmundo-palestra-e1666797625333.jpg 600w\" sizes=\"(max-width: 614px) 100vw, 614px\" \/><\/p>\n<p>(hoje e amanh\u00e3) mais de 500 profissionais de Tecnologia e Informa\u00e7\u00e3o e tem a abertura feita por um dos maiores especialistas e palestrantes do mundo em Tecnologia Digital, Andrea Iorio (Seguem release e foto dele).<\/p>\n<p>Caso queira mais informa\u00e7\u00f5es, fazer cobertura ou entevista, por favor, ligue para 71 99219-5819 (Arag\u00e3o). <!--more--><\/p>\n<p>SERVI\u00c7O:<br \/>\nO qu\u00ea: Congresso SUCESU 2022<br \/>\nQuando: Hoje, dia 26 e amanh\u00e3, dia 27 de outubro de 2022<br \/>\nOnde: Grand Hotel Stella Maris &#8211; Pra\u00e7a Stella Maris, 200, Stella Maris<br \/>\nPrograma\u00e7\u00e3o: https:\/\/www.congressosucesuba.com\/<br \/>\nInscri\u00e7\u00f5es: Site do Sympla<br \/>\nhttps:\/\/www.sympla.com.br\/evento\/congresso-sucesu-ba-2022\/1726406?lang=PT<br \/>\n\ud83c\udf99\ufe0f Imprensa e mais informa\u00e7\u00f5es: Ant\u00f4nio Arag\u00e3o 71 99219-5819 ou imprensa@sucesuba.org.br<\/p>\n","protected":false},"excerpt":{"rendered":"<p>(hoje e amanh\u00e3) mais de 500 profissionais de Tecnologia e Informa\u00e7\u00e3o e tem a abertura feita por um dos maiores especialistas e palestrantes do mundo em Tecnologia Digital, Andrea Iorio (Seguem release e foto dele). Caso queira mais informa\u00e7\u00f5es, fazer cobertura ou entevista, por favor, ligue para 71 99219-5819 (Arag\u00e3o).<\/p>\n","protected":false},"author":3,"featured_media":1027,"comment_status":"closed","ping_status":"closed","sticky":false,"template":"","format":"standard","meta":{"_links_to":"","_links_to_target":""},"categories":[41,2],"tags":[],"_links":{"self":[{"href":"https:\/\/www.correiodascidades.com.br\/v1\/wp-json\/wp\/v2\/posts\/1026"}],"collection":[{"href":"https:\/\/www.correiodascidades.com.br\/v1\/wp-json\/wp\/v2\/posts"}],"about":[{"href":"https:\/\/www.correiodascidades.com.br\/v1\/wp-json\/wp\/v2\/types\/post"}],"author":[{"embeddable":true,"href":"https:\/\/www.correiodascidades.com.br\/v1\/wp-json\/wp\/v2\/users\/3"}],"replies":[{"embeddable":true,"href":"https:\/\/www.correiodascidades.com.br\/v1\/wp-json\/wp\/v2\/comments?post=1026"}],"version-history":[{"count":1,"href":"https:\/\/www.correiodascidades.com.br\/v1\/wp-json\/wp\/v2\/posts\/1026\/revisions"}],"predecessor-version":[{"id":1045,"href":"https:\/\/www.correiodascidades.com.br\/v1\/wp-json\/wp\/v2\/posts\/1026\/revisions\/1045"}],"wp:featuredmedia":[{"embeddable":true,"href":"https:\/\/www.correiodascidades.com.br\/v1\/wp-json\/wp\/v2\/media\/1027"}],"wp:attachment":[{"href":"https:\/\/www.correiodascidades.com.br\/v1\/wp-json\/wp\/v2\/media?parent=1026"}],"wp:term":[{"taxonomy":"category","embeddable":true,"href":"https:\/\/www.correiodascidades.com.br\/v1\/wp-json\/wp\/v2\/categories?post=1026"},{"taxonomy":"post_tag","embeddable":true,"href":"https:\/\/www.correiodascidades.com.br\/v1\/wp-json\/wp\/v2\/tags?post=1026"}],"curies":[{"name":"wp","href":"https:\/\/api.w.org\/{rel}","templated":true}]}}