{"id":10369,"date":"2024-04-18T12:49:54","date_gmt":"2024-04-18T15:49:54","guid":{"rendered":"https:\/\/www.correiodascidades.com.br\/v1\/?p=10369"},"modified":"2024-04-18T12:49:54","modified_gmt":"2024-04-18T15:49:54","slug":"augustao-realiza-com-a-comunidade-projeto-de-revitalizacao-da-praca-da-nova-brasilia","status":"publish","type":"post","link":"https:\/\/www.correiodascidades.com.br\/v1\/2024\/04\/18\/augustao-realiza-com-a-comunidade-projeto-de-revitalizacao-da-praca-da-nova-brasilia\/","title":{"rendered":"August\u00e3o realiza com a comunidade projeto de revitaliza\u00e7\u00e3o da pra\u00e7a da Nova Bras\u00edlia"},"content":{"rendered":"<p><img loading=\"lazy\" class=\"\" src=\"https:\/\/www.correiodascidades.com.br\/v1\/wp-content\/uploads\/2024\/04\/e4fbd74e-3189-4d31-a02d-562964efb30d.jpg\" width=\"386\" height=\"515\" \/><\/p>\n<p>Considerada como um dos pontos tur\u00edsticos mais bonitos de Ilh\u00e9us, al\u00e9m de ser um local de encontro dos moradores, religiosos e pescadores, a pra\u00e7a da Nova Bras\u00edlia, na zona sul de Ilh\u00e9us, foi completamente abandonada, cercada de mato, lixo, esgoto a c\u00e9u aberto e escurid\u00e3o. Para mudar esta realidade e cuidar melhor deste espa\u00e7o, o vereador August\u00e3o firmou uma parceria com a comunidade do local e est\u00e1 realizando, junto com os moradores, um projeto de revitaliza\u00e7\u00e3o da pra\u00e7a e das \u00e1reas adjacentes.<\/p>\n<p>E o trabalho j\u00e1 come\u00e7ou, com a coloca\u00e7\u00e3o de bancos e vasos de plantas, ajardinamento, retirada do lixo, capinagem e limpeza de toda a \u00e1rea. August\u00e3o tamb\u00e9m j\u00e1 entrou em contato com a Embasa para buscar resolver a quest\u00e3o do vazamento de \u00e1gua nas ruas da Nova Bras\u00edlia. Outro problema que j\u00e1 est\u00e1 sendo resolvido \u00e9 a quest\u00e3o da ilumina\u00e7\u00e3o, j\u00e1 que muitos postes est\u00e3o sem l\u00e2mpadas, os refletores est\u00e3o queimados e muitas lumin\u00e1rias e at\u00e9 postes j\u00e1 ca\u00edram. Ele tamb\u00e9m vai cobrar da Prefeitura, atrav\u00e9s de requerimento, o retorno da linha de \u00f4nibus que antes passava pela Nova Bras\u00edlia e Sapetinga.<\/p>\n<p>J\u00e1 com rela\u00e7\u00e3o ao esporte, August\u00e3o recebeu a solicita\u00e7\u00e3o de pais e crian\u00e7as para que possa ser feita a limpeza da quadra, que foi danificada e hoje oferece riscos para os desportistas. E o trabalho n\u00e3o para por a\u00ed. O vereador tamb\u00e9m visitou o Espa\u00e7o do Pescador para realizar junto com os pescadores uma melhoria do espa\u00e7o. \u201cA cidade foi completamente abandonada e n\u00f3s n\u00e3o podemos deixar que espa\u00e7os como esse, da Nova Bras\u00edlia, que \u00e9 um ponto tur\u00edstico e local de lazer dos moradores, continuem nessa situa\u00e7\u00e3o. Por isso \u00e9 que estamos junto com a comunidade realizando essas a\u00e7\u00f5es que o nosso povo precisa e merece\u201d, afirmou August\u00e3o.<\/p>\n","protected":false},"excerpt":{"rendered":"<p>Considerada como um dos pontos tur\u00edsticos mais bonitos de Ilh\u00e9us, al\u00e9m de ser um local de encontro dos moradores, religiosos e pescadores, a pra\u00e7a da Nova Bras\u00edlia, na zona sul de Ilh\u00e9us, foi completamente abandonada, cercada de mato, lixo, esgoto a c\u00e9u aberto e escurid\u00e3o. Para mudar esta realidade e cuidar melhor deste espa\u00e7o, o [&hellip;]<\/p>\n","protected":false},"author":3,"featured_media":10370,"comment_status":"closed","ping_status":"closed","sticky":false,"template":"","format":"standard","meta":{"_links_to":"","_links_to_target":""},"categories":[1],"tags":[],"_links":{"self":[{"href":"https:\/\/www.correiodascidades.com.br\/v1\/wp-json\/wp\/v2\/posts\/10369"}],"collection":[{"href":"https:\/\/www.correiodascidades.com.br\/v1\/wp-json\/wp\/v2\/posts"}],"about":[{"href":"https:\/\/www.correiodascidades.com.br\/v1\/wp-json\/wp\/v2\/types\/post"}],"author":[{"embeddable":true,"href":"https:\/\/www.correiodascidades.com.br\/v1\/wp-json\/wp\/v2\/users\/3"}],"replies":[{"embeddable":true,"href":"https:\/\/www.correiodascidades.com.br\/v1\/wp-json\/wp\/v2\/comments?post=10369"}],"version-history":[{"count":1,"href":"https:\/\/www.correiodascidades.com.br\/v1\/wp-json\/wp\/v2\/posts\/10369\/revisions"}],"predecessor-version":[{"id":10371,"href":"https:\/\/www.correiodascidades.com.br\/v1\/wp-json\/wp\/v2\/posts\/10369\/revisions\/10371"}],"wp:featuredmedia":[{"embeddable":true,"href":"https:\/\/www.correiodascidades.com.br\/v1\/wp-json\/wp\/v2\/media\/10370"}],"wp:attachment":[{"href":"https:\/\/www.correiodascidades.com.br\/v1\/wp-json\/wp\/v2\/media?parent=10369"}],"wp:term":[{"taxonomy":"category","embeddable":true,"href":"https:\/\/www.correiodascidades.com.br\/v1\/wp-json\/wp\/v2\/categories?post=10369"},{"taxonomy":"post_tag","embeddable":true,"href":"https:\/\/www.correiodascidades.com.br\/v1\/wp-json\/wp\/v2\/tags?post=10369"}],"curies":[{"name":"wp","href":"https:\/\/api.w.org\/{rel}","templated":true}]}}