{"id":10373,"date":"2024-04-18T16:02:46","date_gmt":"2024-04-18T19:02:46","guid":{"rendered":"https:\/\/www.correiodascidades.com.br\/v1\/?p=10373"},"modified":"2024-04-18T16:02:46","modified_gmt":"2024-04-18T19:02:46","slug":"curso-de-fisioterapia-da-madre-thais-e-a-secretaria-de-saude-mapeiam-vulnerabilidade-em-idosos-de-ilheus","status":"publish","type":"post","link":"https:\/\/www.correiodascidades.com.br\/v1\/2024\/04\/18\/curso-de-fisioterapia-da-madre-thais-e-a-secretaria-de-saude-mapeiam-vulnerabilidade-em-idosos-de-ilheus\/","title":{"rendered":"Curso de Fisioterapia da Madre Tha\u00eds e a Secretaria de    Sa\u00fade mapeiam vulnerabilidade em idosos de Ilh\u00e9us"},"content":{"rendered":"<div>\n<p><img loading=\"lazy\" class=\"\" src=\"https:\/\/www.correiodascidades.com.br\/v1\/wp-content\/uploads\/2024\/04\/Estudantes-de-Fisioterapia_-acompanhados-pela-Professora-Gracielle-Santos_-agentes-de-Saude-do-Munic.jpg\" width=\"531\" height=\"398\" \/><\/p>\n<p>A parceria estabelecida entre o curso de Fisioterapia da Faculdade Madre Tha\u00eds e a Secretaria Municipal de Sa\u00fade vai permitir o mapeamento da vulnerabilidade em idosos a fim de categoriz\u00e1-los e fornecer diagn\u00f3sticos importantes para as pol\u00edticas p\u00fablicas na \u00e1rea da sa\u00fade. O projeto de extens\u00e3o, de autoria e supervis\u00e3o da professora Gracielle Santos, come\u00e7ou no ano passado, na Unidade de Sa\u00fade do Bairro Teot\u00f4nio Vilela, e agora chega ao Bairro Nossa Senhora da Vit\u00f3ria.<\/p>\n<\/div>\n<div>\n<p>Na semana passada, os alunos do curso de Fisioterapia realizaram uma visita \u00e0 Unidade de Sa\u00fade do Bairro Nossa Senhora da Vit\u00f3ria, com o objetivo de apresentar \u00e0 equipe da unidade o instrumento de avalia\u00e7\u00e3o Vulnerable Elders Survey-13\/ Protocolo de Identifica\u00e7\u00e3o de Idosos Vulner\u00e1veis (VES-13), que se constitui em uma importante ferramenta\u00a0de estratifica\u00e7\u00e3o dos idosos em robustos, pr\u00e9-fr\u00e1geis e fr\u00e1geis.<\/p>\n<\/div>\n<div>\n<p>Conforme a professora, a partir dessa categoriza\u00e7\u00e3o ser\u00e1 poss\u00edvel tra\u00e7ar o perfil epidemiol\u00f3gico da comunidade idosa coberta pelas Estrat\u00e9gias de Sa\u00fade da Fam\u00edlia do munic\u00edpio, al\u00e9m de planejar e modular estrat\u00e9gias que contemplem pol\u00edticas p\u00fablicas espec\u00edficas para qualificar o cuidado em toda a rede de aten\u00e7\u00e3o \u00e0 sa\u00fade para com a popula\u00e7\u00e3o idosa, evidenciando a Aten\u00e7\u00e3o Prim\u00e1ria como ordenadora e coordenadora da assist\u00eancia.<\/p>\n<\/div>\n<p><!--more--><\/p>\n<div>\n<p>Essa atividade constitui um componente curricular da disciplina \u201cFisioterapia em geriatria e gerontologia\u201d, ministrada por Gracielle Santos, pesquisadora na \u00e1rea. Ela explica que o Brasil hoje vive uma transi\u00e7\u00e3o epidemiol\u00f3gica importante, porque \u00e9 um pa\u00eds que est\u00e1 se encaminhando para o envelhecimento.<\/p>\n<\/div>\n<div>\n<p>\u201cO Brasil \u00e9 um pa\u00eds adulto, mas com prospec\u00e7\u00e3o de se tornar um pa\u00eds idoso. Hoje, o n\u00famero de idosos j\u00e1 superou o n\u00famero de crian\u00e7as e a proje\u00e7\u00e3o do IBGE \u00e9 que no prazo de 10 anos, mais ou menos, o n\u00famero de idosos supere o n\u00famero de adultos e jovens (popula\u00e7\u00e3o produtiva, m\u00e3o de obra ativa), e isso vai gerar alguns transtornos no tocante \u00e0 sa\u00fade e seguridade social, se nada for feito em termos de pol\u00edticas p\u00fablicas\u201d,\u00a0ressalta a professora.<\/p>\n<\/div>\n<div>\n<p>Portanto, as informa\u00e7\u00f5es fornecidas pelo diagn\u00f3stico resultado do projeto s\u00e3o capazes de amparar a estrutura\u00e7\u00e3o e o preparo de a\u00e7\u00f5es de preven\u00e7\u00e3o de agravos e de promo\u00e7\u00e3o e reabilita\u00e7\u00e3o da sa\u00fade na comunidade.<\/p>\n<\/div>\n","protected":false},"excerpt":{"rendered":"<p>A parceria estabelecida entre o curso de Fisioterapia da Faculdade Madre Tha\u00eds e a Secretaria Municipal de Sa\u00fade vai permitir o mapeamento da vulnerabilidade em idosos a fim de categoriz\u00e1-los e fornecer diagn\u00f3sticos importantes para as pol\u00edticas p\u00fablicas na \u00e1rea da sa\u00fade. O projeto de extens\u00e3o, de autoria e supervis\u00e3o da professora Gracielle Santos, come\u00e7ou [&hellip;]<\/p>\n","protected":false},"author":3,"featured_media":10374,"comment_status":"closed","ping_status":"closed","sticky":false,"template":"","format":"standard","meta":{"_links_to":"","_links_to_target":""},"categories":[1],"tags":[],"_links":{"self":[{"href":"https:\/\/www.correiodascidades.com.br\/v1\/wp-json\/wp\/v2\/posts\/10373"}],"collection":[{"href":"https:\/\/www.correiodascidades.com.br\/v1\/wp-json\/wp\/v2\/posts"}],"about":[{"href":"https:\/\/www.correiodascidades.com.br\/v1\/wp-json\/wp\/v2\/types\/post"}],"author":[{"embeddable":true,"href":"https:\/\/www.correiodascidades.com.br\/v1\/wp-json\/wp\/v2\/users\/3"}],"replies":[{"embeddable":true,"href":"https:\/\/www.correiodascidades.com.br\/v1\/wp-json\/wp\/v2\/comments?post=10373"}],"version-history":[{"count":1,"href":"https:\/\/www.correiodascidades.com.br\/v1\/wp-json\/wp\/v2\/posts\/10373\/revisions"}],"predecessor-version":[{"id":10375,"href":"https:\/\/www.correiodascidades.com.br\/v1\/wp-json\/wp\/v2\/posts\/10373\/revisions\/10375"}],"wp:featuredmedia":[{"embeddable":true,"href":"https:\/\/www.correiodascidades.com.br\/v1\/wp-json\/wp\/v2\/media\/10374"}],"wp:attachment":[{"href":"https:\/\/www.correiodascidades.com.br\/v1\/wp-json\/wp\/v2\/media?parent=10373"}],"wp:term":[{"taxonomy":"category","embeddable":true,"href":"https:\/\/www.correiodascidades.com.br\/v1\/wp-json\/wp\/v2\/categories?post=10373"},{"taxonomy":"post_tag","embeddable":true,"href":"https:\/\/www.correiodascidades.com.br\/v1\/wp-json\/wp\/v2\/tags?post=10373"}],"curies":[{"name":"wp","href":"https:\/\/api.w.org\/{rel}","templated":true}]}}