{"id":10378,"date":"2024-04-18T18:18:08","date_gmt":"2024-04-18T21:18:08","guid":{"rendered":"https:\/\/www.correiodascidades.com.br\/v1\/?p=10378"},"modified":"2024-04-18T18:18:08","modified_gmt":"2024-04-18T21:18:08","slug":"na-sombra-do-poder-caligula-o-brabo","status":"publish","type":"post","link":"https:\/\/www.correiodascidades.com.br\/v1\/2024\/04\/18\/na-sombra-do-poder-caligula-o-brabo\/","title":{"rendered":"Na Sombra do Poder: Cal\u00edgula, o brabo"},"content":{"rendered":"<p><img loading=\"lazy\" class=\"\" src=\"https:\/\/www.correiodascidades.com.br\/v1\/wp-content\/uploads\/2024\/04\/bc542f76-0b71-4985-9745-6ce9ba293f56_widelg.jpeg\" width=\"517\" height=\"291\" \/><\/p>\n<p><strong>Cal\u00edgula, o brabo<\/strong><br \/>\nBiotipo discreto, meio \u00e1gua com a\u00e7\u00facar, nosso personagem de hoje \u00e9 um famooooso empres\u00e1rio local que, acima de qualquer suspeita, vem sacudindo a roseira no Corredor da Vit\u00f3ria. Cal\u00edgula tupiniquim \u00e9 casado e mora no alto de uma imponente torre na Vit\u00f3ria. Sua dign\u00edssima, idem, sempre discreta e habitu\u00e9 da alta sociedade local, faz o tipo dondoca &#8220;botocadinha&#8221;, j\u00e1 que entrou recentemente nos &#8220;entas&#8221;. A coluna foi surpreendida pelas infos de uma dom\u00e9stica e um porteiro que relataram algumas farras t\u00edpicas do imperador romano, tio de Nero. Sempre lascivo e sem pudor, nosso Cal\u00edgula vai de trans a seguran\u00e7as de postos de combust\u00edveis. Ele n\u00e3o mede esfor\u00e7os para saciar os seus desejos e os de sua bela companheira. Os fatos narrados s\u00e3o impublic\u00e1veis, mas alguns detalhes menos censurados iremos revelar ao longo das colunas. Sua lancha sempre chega ao p\u00eder pela madrugada e leva na calada da noite seus servi\u00e7ais para o terminal no com\u00e9rcio, de onde o velho motorista da camionete leva a turma para suas casas depois de muita orgia e sadomasoquismo. Uma tara de nosso personagem s\u00e3o belos carros e obras de arte, disso n\u00e3o podemos falar. Ah, e sua esposa, adora uma ponte a\u00e9rea com S\u00e3o Paulo. Ser\u00e1 que tem mais rock and roll na terra da garoa?\u00a0 <!--more--><\/p>\n<p><strong>Tarzan e Jane<\/strong><br \/>\nO novo casal badalado na sociedade baiana vem sendo apelidado de Tarzan e Jane, reis da selva. Acostumados a se esconderem durante a semana em um para\u00edso tropical no litoral, os pombinhos confessaram a amigos que s\u00e3o adeptos do &#8220;pouco&#8221; traje em sua mans\u00e3o. Vizinhos pr\u00f3ximos deles afirmaram \u00e0 NSP que j\u00e1 flagraram por diversas vezes a mo\u00e7a somente de &#8220;tanguinha&#8221; e o bonit\u00e3o coroa com uma &#8216;sungueta&#8217; estilo asa delta, tudo isso ao som de Cazuza e Tim Maia pelas tardes de s\u00e1bado. O detalhe que a coluna teve acesso \u00e9 que, ao inv\u00e9s da famosa macaquinha Chita das telas do cinema, a dupla cria um casal de Golden retriever que vive pulando a cerca dos vizinhos.<\/p>\n","protected":false},"excerpt":{"rendered":"<p>Cal\u00edgula, o brabo Biotipo discreto, meio \u00e1gua com a\u00e7\u00facar, nosso personagem de hoje \u00e9 um famooooso empres\u00e1rio local que, acima de qualquer suspeita, vem sacudindo a roseira no Corredor da Vit\u00f3ria. Cal\u00edgula tupiniquim \u00e9 casado e mora no alto de uma imponente torre na Vit\u00f3ria. Sua dign\u00edssima, idem, sempre discreta e habitu\u00e9 da alta sociedade [&hellip;]<\/p>\n","protected":false},"author":3,"featured_media":10379,"comment_status":"closed","ping_status":"closed","sticky":false,"template":"","format":"standard","meta":{"_links_to":"","_links_to_target":""},"categories":[11],"tags":[],"_links":{"self":[{"href":"https:\/\/www.correiodascidades.com.br\/v1\/wp-json\/wp\/v2\/posts\/10378"}],"collection":[{"href":"https:\/\/www.correiodascidades.com.br\/v1\/wp-json\/wp\/v2\/posts"}],"about":[{"href":"https:\/\/www.correiodascidades.com.br\/v1\/wp-json\/wp\/v2\/types\/post"}],"author":[{"embeddable":true,"href":"https:\/\/www.correiodascidades.com.br\/v1\/wp-json\/wp\/v2\/users\/3"}],"replies":[{"embeddable":true,"href":"https:\/\/www.correiodascidades.com.br\/v1\/wp-json\/wp\/v2\/comments?post=10378"}],"version-history":[{"count":1,"href":"https:\/\/www.correiodascidades.com.br\/v1\/wp-json\/wp\/v2\/posts\/10378\/revisions"}],"predecessor-version":[{"id":10380,"href":"https:\/\/www.correiodascidades.com.br\/v1\/wp-json\/wp\/v2\/posts\/10378\/revisions\/10380"}],"wp:featuredmedia":[{"embeddable":true,"href":"https:\/\/www.correiodascidades.com.br\/v1\/wp-json\/wp\/v2\/media\/10379"}],"wp:attachment":[{"href":"https:\/\/www.correiodascidades.com.br\/v1\/wp-json\/wp\/v2\/media?parent=10378"}],"wp:term":[{"taxonomy":"category","embeddable":true,"href":"https:\/\/www.correiodascidades.com.br\/v1\/wp-json\/wp\/v2\/categories?post=10378"},{"taxonomy":"post_tag","embeddable":true,"href":"https:\/\/www.correiodascidades.com.br\/v1\/wp-json\/wp\/v2\/tags?post=10378"}],"curies":[{"name":"wp","href":"https:\/\/api.w.org\/{rel}","templated":true}]}}