{"id":1165,"date":"2022-11-02T20:24:28","date_gmt":"2022-11-02T23:24:28","guid":{"rendered":"https:\/\/www.correiodascidades.com.br\/v1\/?p=1165"},"modified":"2022-11-02T20:56:40","modified_gmt":"2022-11-02T23:56:40","slug":"ilheus-morreu-o-ex-delegado-dr-menandro","status":"publish","type":"post","link":"https:\/\/www.correiodascidades.com.br\/v1\/2022\/11\/02\/ilheus-morreu-o-ex-delegado-dr-menandro\/","title":{"rendered":"\u00a0ILH\u00c9US: Morreu o ex &#8211; Delegado Dr Menandro"},"content":{"rendered":"<p>&nbsp;<\/p>\n<p><img loading=\"lazy\" class=\"\" src=\"https:\/\/www.correiodascidades.com.br\/v1\/wp-content\/uploads\/2022\/11\/menqndro-2-utilizar-ft.jpg\" width=\"604\" height=\"640\" \/><\/p>\n<p><span style=\"font-weight: 400;\">Natural de Ilh\u00e9us, Bahia, tendo como primeira moradia na sua inf\u00e2ncia o Alto do Coqueiro, na Zona Norte da cidade, Menandro como ficou conhecido, se destacou e cresceu.\u00a0<\/span><\/p>\n<p><span style=\"font-weight: 400;\">Formado em Direito pela Universidade Estadual de Santa Cruz, na \u00e9poca FESP. Menandro seguiu carreira de Delegado logo ap\u00f3s o curso.<\/span><\/p>\n<p><span style=\"font-weight: 400;\">Anterior ao curso de Delegado Menandro foi Sargento da Pol\u00edcia, onde atuou como Tesoureiro do Segundo BPMI;\u00a0<\/span><!--more--><\/p>\n<p>&nbsp;<\/p>\n<p><span style=\"font-weight: 400;\">Como Delegado, Clarindo Menandro Reis &#8211; ficou conhecido pelo jeito austero de comandar sem nenhum tipo de m\u00e1 conduta, por d\u00e9cadas ficou \u00e0 frente da s\u00e9tima coorpin da cidade.<\/span><\/p>\n<p><span style=\"font-weight: 400;\">Na madrugada desta quarta feira (02) Clarindo Menandro faleceu de Alzheimer. Doen\u00e7a esta que ele vinha lutando contra ela h\u00e1 anos.\u00a0\u00a0<\/span><\/p>\n<p>&nbsp;<\/p>\n<p><span style=\"font-weight: 400;\">Menandro deixa uma filha anterior ao seu casamento com atual esposa.<\/span><\/p>\n","protected":false},"excerpt":{"rendered":"<p>&nbsp; Natural de Ilh\u00e9us, Bahia, tendo como primeira moradia na sua inf\u00e2ncia o Alto do Coqueiro, na Zona Norte da cidade, Menandro como ficou conhecido, se destacou e cresceu.\u00a0 Formado em Direito pela Universidade Estadual de Santa Cruz, na \u00e9poca FESP. Menandro seguiu carreira de Delegado logo ap\u00f3s o curso. Anterior ao curso de Delegado [&hellip;]<\/p>\n","protected":false},"author":3,"featured_media":1166,"comment_status":"closed","ping_status":"closed","sticky":false,"template":"","format":"standard","meta":{"_links_to":"","_links_to_target":""},"categories":[1],"tags":[],"_links":{"self":[{"href":"https:\/\/www.correiodascidades.com.br\/v1\/wp-json\/wp\/v2\/posts\/1165"}],"collection":[{"href":"https:\/\/www.correiodascidades.com.br\/v1\/wp-json\/wp\/v2\/posts"}],"about":[{"href":"https:\/\/www.correiodascidades.com.br\/v1\/wp-json\/wp\/v2\/types\/post"}],"author":[{"embeddable":true,"href":"https:\/\/www.correiodascidades.com.br\/v1\/wp-json\/wp\/v2\/users\/3"}],"replies":[{"embeddable":true,"href":"https:\/\/www.correiodascidades.com.br\/v1\/wp-json\/wp\/v2\/comments?post=1165"}],"version-history":[{"count":3,"href":"https:\/\/www.correiodascidades.com.br\/v1\/wp-json\/wp\/v2\/posts\/1165\/revisions"}],"predecessor-version":[{"id":1173,"href":"https:\/\/www.correiodascidades.com.br\/v1\/wp-json\/wp\/v2\/posts\/1165\/revisions\/1173"}],"wp:featuredmedia":[{"embeddable":true,"href":"https:\/\/www.correiodascidades.com.br\/v1\/wp-json\/wp\/v2\/media\/1166"}],"wp:attachment":[{"href":"https:\/\/www.correiodascidades.com.br\/v1\/wp-json\/wp\/v2\/media?parent=1165"}],"wp:term":[{"taxonomy":"category","embeddable":true,"href":"https:\/\/www.correiodascidades.com.br\/v1\/wp-json\/wp\/v2\/categories?post=1165"},{"taxonomy":"post_tag","embeddable":true,"href":"https:\/\/www.correiodascidades.com.br\/v1\/wp-json\/wp\/v2\/tags?post=1165"}],"curies":[{"name":"wp","href":"https:\/\/api.w.org\/{rel}","templated":true}]}}