{"id":11685,"date":"2024-07-16T22:00:56","date_gmt":"2024-07-17T01:00:56","guid":{"rendered":"https:\/\/www.correiodascidades.com.br\/v1\/?p=11685"},"modified":"2024-07-16T22:00:56","modified_gmt":"2024-07-17T01:00:56","slug":"11685","status":"publish","type":"post","link":"https:\/\/www.correiodascidades.com.br\/v1\/2024\/07\/16\/11685\/","title":{"rendered":""},"content":{"rendered":"<h1><img src=\"https:\/\/www.correiodascidades.com.br\/v1\/wp-content\/uploads\/2024\/07\/destaque_17211730651607.jpeg\" \/><\/h1>\n<h1 id=\"story_title\"><span style=\"font-size: 16px;\">Duas pessoas envolvidas no homic\u00eddio de Fabiano de Jesus Souza, de 39 anos, foram presas em flagrante nesta ter\u00e7a-feira (16), 24 horas ap\u00f3s o crime, ocorrido na manh\u00e3 de segunda-feira (15), em um bar no bairro Vila Galv\u00e3o.<\/span><\/h1>\n<div id=\"story_text\">\n<div>Logo ap\u00f3s o registro do fato, policiais da Delegacia Territorial de Casa Nova iniciaram as investiga\u00e7\u00f5es e identificaram altera\u00e7\u00f5es no local do homic\u00eddio, autuando o propriet\u00e1rio do bar por fraude processual via modifica\u00e7\u00e3o do local do crime a ser periciado.<\/div>\n<div><\/div>\n<div>A mulher flagranteada vai responder por homic\u00eddio qualificado para assegurar a oculta\u00e7\u00e3o, a impunidade e pelo motivo torpe. Investiga\u00e7\u00f5es preliminares apontaram que o assassinato foi motivado por vingan\u00e7a, uma vez que a v\u00edtima \u00e9 suspeita de praticar furtos no estabelecimento onde o crime ocorreu.<\/div>\n<div><\/div>\n<div>A dupla foi submetida aos exames de les\u00f5es corporais de praxe e permanece \u00e0 disposi\u00e7\u00e3o da audi\u00eancia de cust\u00f3dia da Justi\u00e7a.<\/div>\n<\/div>\n","protected":false},"excerpt":{"rendered":"<p>Duas pessoas envolvidas no homic\u00eddio de Fabiano de Jesus Souza, de 39 anos, foram presas em flagrante nesta ter\u00e7a-feira (16), 24 horas ap\u00f3s o crime, ocorrido na manh\u00e3 de segunda-feira (15), em um bar no bairro Vila Galv\u00e3o. Logo ap\u00f3s o registro do fato, policiais da Delegacia Territorial de Casa Nova iniciaram as investiga\u00e7\u00f5es e [&hellip;]<\/p>\n","protected":false},"author":3,"featured_media":11686,"comment_status":"closed","ping_status":"closed","sticky":false,"template":"","format":"standard","meta":{"_links_to":"","_links_to_target":""},"categories":[11],"tags":[],"_links":{"self":[{"href":"https:\/\/www.correiodascidades.com.br\/v1\/wp-json\/wp\/v2\/posts\/11685"}],"collection":[{"href":"https:\/\/www.correiodascidades.com.br\/v1\/wp-json\/wp\/v2\/posts"}],"about":[{"href":"https:\/\/www.correiodascidades.com.br\/v1\/wp-json\/wp\/v2\/types\/post"}],"author":[{"embeddable":true,"href":"https:\/\/www.correiodascidades.com.br\/v1\/wp-json\/wp\/v2\/users\/3"}],"replies":[{"embeddable":true,"href":"https:\/\/www.correiodascidades.com.br\/v1\/wp-json\/wp\/v2\/comments?post=11685"}],"version-history":[{"count":1,"href":"https:\/\/www.correiodascidades.com.br\/v1\/wp-json\/wp\/v2\/posts\/11685\/revisions"}],"predecessor-version":[{"id":11687,"href":"https:\/\/www.correiodascidades.com.br\/v1\/wp-json\/wp\/v2\/posts\/11685\/revisions\/11687"}],"wp:featuredmedia":[{"embeddable":true,"href":"https:\/\/www.correiodascidades.com.br\/v1\/wp-json\/wp\/v2\/media\/11686"}],"wp:attachment":[{"href":"https:\/\/www.correiodascidades.com.br\/v1\/wp-json\/wp\/v2\/media?parent=11685"}],"wp:term":[{"taxonomy":"category","embeddable":true,"href":"https:\/\/www.correiodascidades.com.br\/v1\/wp-json\/wp\/v2\/categories?post=11685"},{"taxonomy":"post_tag","embeddable":true,"href":"https:\/\/www.correiodascidades.com.br\/v1\/wp-json\/wp\/v2\/tags?post=11685"}],"curies":[{"name":"wp","href":"https:\/\/api.w.org\/{rel}","templated":true}]}}