{"id":1169,"date":"2022-11-02T21:27:03","date_gmt":"2022-11-03T00:27:03","guid":{"rendered":"https:\/\/www.correiodascidades.com.br\/v1\/?p=1169"},"modified":"2022-11-02T21:37:27","modified_gmt":"2022-11-03T00:37:27","slug":"os-maiores-campeoes-do-brasileirao","status":"publish","type":"post","link":"https:\/\/www.correiodascidades.com.br\/v1\/2022\/11\/02\/os-maiores-campeoes-do-brasileirao\/","title":{"rendered":"Os maiores campe\u00f5es do Brasileir\u00e3o.."},"content":{"rendered":"<p data-t=\"{&quot;n&quot;:&quot;blueLinks&quot;}\">Dono de uma campanha irrepar\u00e1vel no Brasileir\u00e3o 2022, o Palmeiras garantiu mais um t\u00edtulo de S\u00e9rie A em sua hist\u00f3ria. A conquista foi sacramentada matematicamente com a derrota do Internacional, segundo colocado na tabela, para o Am\u00e9rica-MG em duelo v\u00e1lido pela 35\u00aa rodada.\u00a0 <!--more--><\/p>\n<p data-t=\"{&quot;n&quot;:&quot;blueLinks&quot;}\">O 11\u00ba t\u00edtulo brasileiro conquistado pelo Alviverde, al\u00e9m de trazer uma\u00a0<a tabindex=\"0\" href=\"https:\/\/www.goal.com\/br\/not%C3%ADcias\/palmeiras-onze-vezes-campeao-undeca-unodeca-hendeca\/blt742eae6c938ea7f8\" target=\"_blank\" rel=\"noopener\" data-t=\"{&quot;n&quot;:&quot;destination&quot;,&quot;t&quot;:13,&quot;b&quot;:1,&quot;c.t&quot;:7}\">d\u00favida em rela\u00e7\u00e3o \u00e0 nomenclatura gram\u00e1tica<\/a>, aumenta ainda mais a diferen\u00e7a do Palmeiras como clube que mais vezes levantou a principal ta\u00e7a do futebol nacional.<\/p>\n<h3 class=\"article-sub-heading\">Internacional e Santos s\u00e3o os times mais vezes vice-campe\u00f5es: oito cada um, sendo que <a style=\"font-size: 16px;\" tabindex=\"0\" href=\"https:\/\/www.goal.com\/br\/listas\/internacional-e-as-tentativas-frustradas-de-ser-campeao-brasileiro-apos-1979\/blt4df5e9be79b50921\" target=\"_blank\" rel=\"noopener\" data-t=\"{&quot;n&quot;:&quot;destination&quot;,&quot;t&quot;:13,&quot;b&quot;:1,&quot;c.t&quot;:7}\">os ga\u00fachos podem chegar ao nono vice-campeonato<\/a><span style=\"font-size: 16px;\">\u00a0de sua hist\u00f3ria agora em 2022.<\/span><\/h3>\n<p data-t=\"{&quot;n&quot;:&quot;blueLinks&quot;}\">\n<p data-t=\"{&quot;n&quot;:&quot;blueLinks&quot;}\"><img loading=\"lazy\" class=\"\" src=\"https:\/\/www.correiodascidades.com.br\/v1\/wp-content\/uploads\/2022\/11\/OIP-Time-palmeiras-este-aqui-poste.jpg\" width=\"597\" height=\"397\" \/><\/p>\n<div>\n<h3 class=\"article-sub-heading\"><\/h3>\n<\/div>\n<p>&nbsp;<\/p>\n","protected":false},"excerpt":{"rendered":"<p>Dono de uma campanha irrepar\u00e1vel no Brasileir\u00e3o 2022, o Palmeiras garantiu mais um t\u00edtulo de S\u00e9rie A em sua hist\u00f3ria. A conquista foi sacramentada matematicamente com a derrota do Internacional, segundo colocado na tabela, para o Am\u00e9rica-MG em duelo v\u00e1lido pela 35\u00aa rodada.\u00a0<\/p>\n","protected":false},"author":3,"featured_media":1179,"comment_status":"closed","ping_status":"closed","sticky":false,"template":"","format":"standard","meta":{"_links_to":"","_links_to_target":""},"categories":[2],"tags":[],"_links":{"self":[{"href":"https:\/\/www.correiodascidades.com.br\/v1\/wp-json\/wp\/v2\/posts\/1169"}],"collection":[{"href":"https:\/\/www.correiodascidades.com.br\/v1\/wp-json\/wp\/v2\/posts"}],"about":[{"href":"https:\/\/www.correiodascidades.com.br\/v1\/wp-json\/wp\/v2\/types\/post"}],"author":[{"embeddable":true,"href":"https:\/\/www.correiodascidades.com.br\/v1\/wp-json\/wp\/v2\/users\/3"}],"replies":[{"embeddable":true,"href":"https:\/\/www.correiodascidades.com.br\/v1\/wp-json\/wp\/v2\/comments?post=1169"}],"version-history":[{"count":4,"href":"https:\/\/www.correiodascidades.com.br\/v1\/wp-json\/wp\/v2\/posts\/1169\/revisions"}],"predecessor-version":[{"id":1184,"href":"https:\/\/www.correiodascidades.com.br\/v1\/wp-json\/wp\/v2\/posts\/1169\/revisions\/1184"}],"wp:featuredmedia":[{"embeddable":true,"href":"https:\/\/www.correiodascidades.com.br\/v1\/wp-json\/wp\/v2\/media\/1179"}],"wp:attachment":[{"href":"https:\/\/www.correiodascidades.com.br\/v1\/wp-json\/wp\/v2\/media?parent=1169"}],"wp:term":[{"taxonomy":"category","embeddable":true,"href":"https:\/\/www.correiodascidades.com.br\/v1\/wp-json\/wp\/v2\/categories?post=1169"},{"taxonomy":"post_tag","embeddable":true,"href":"https:\/\/www.correiodascidades.com.br\/v1\/wp-json\/wp\/v2\/tags?post=1169"}],"curies":[{"name":"wp","href":"https:\/\/api.w.org\/{rel}","templated":true}]}}