{"id":1176,"date":"2022-11-02T21:12:03","date_gmt":"2022-11-03T00:12:03","guid":{"rendered":"https:\/\/www.correiodascidades.com.br\/v1\/?p=1176"},"modified":"2022-11-02T21:12:03","modified_gmt":"2022-11-03T00:12:03","slug":"partida-de-futebol-e-interrompida-por-tiros-em-santa-ines-veja-video","status":"publish","type":"post","link":"https:\/\/www.correiodascidades.com.br\/v1\/2022\/11\/02\/partida-de-futebol-e-interrompida-por-tiros-em-santa-ines-veja-video\/","title":{"rendered":"Partida de futebol \u00e9 interrompida por tiros em Santa In\u00eas, veja v\u00eddeo"},"content":{"rendered":"<p>&nbsp;<\/p>\n<p><img src=\"https:\/\/www.correiodascidades.com.br\/v1\/wp-content\/uploads\/2022\/11\/time-de-futebol-e1667434247825.jpg\" \/><\/p>\n<p>Uma partida de futebol foi interrompida por tiros na tarde desta quarta-feira (2), no est\u00e1dio do munic\u00edpio de Santa In\u00eas, no Vale do Jiquiri\u00e7\u00e1.<\/p>\n<p>De acordo com informa\u00e7\u00f5es de um leitor do M\u00eddia Bahia, acontecia um amistoso entre o Dois de Julho x Lafaiete, quando aos 3 minutos, um jovem chegou ao local e deflagrou quatro tiros em outro rapaz, este n\u00e3o ficou ferido, mas uma mulher acabou sendo atingida no joelho.<\/p>\n","protected":false},"excerpt":{"rendered":"<p>&nbsp; Uma partida de futebol foi interrompida por tiros na tarde desta quarta-feira (2), no est\u00e1dio do munic\u00edpio de Santa In\u00eas, no Vale do Jiquiri\u00e7\u00e1. De acordo com informa\u00e7\u00f5es de um leitor do M\u00eddia Bahia, acontecia um amistoso entre o Dois de Julho x Lafaiete, quando aos 3 minutos, um jovem chegou ao local e [&hellip;]<\/p>\n","protected":false},"author":3,"featured_media":1177,"comment_status":"closed","ping_status":"closed","sticky":false,"template":"","format":"standard","meta":{"_links_to":"","_links_to_target":""},"categories":[1],"tags":[],"_links":{"self":[{"href":"https:\/\/www.correiodascidades.com.br\/v1\/wp-json\/wp\/v2\/posts\/1176"}],"collection":[{"href":"https:\/\/www.correiodascidades.com.br\/v1\/wp-json\/wp\/v2\/posts"}],"about":[{"href":"https:\/\/www.correiodascidades.com.br\/v1\/wp-json\/wp\/v2\/types\/post"}],"author":[{"embeddable":true,"href":"https:\/\/www.correiodascidades.com.br\/v1\/wp-json\/wp\/v2\/users\/3"}],"replies":[{"embeddable":true,"href":"https:\/\/www.correiodascidades.com.br\/v1\/wp-json\/wp\/v2\/comments?post=1176"}],"version-history":[{"count":1,"href":"https:\/\/www.correiodascidades.com.br\/v1\/wp-json\/wp\/v2\/posts\/1176\/revisions"}],"predecessor-version":[{"id":1178,"href":"https:\/\/www.correiodascidades.com.br\/v1\/wp-json\/wp\/v2\/posts\/1176\/revisions\/1178"}],"wp:featuredmedia":[{"embeddable":true,"href":"https:\/\/www.correiodascidades.com.br\/v1\/wp-json\/wp\/v2\/media\/1177"}],"wp:attachment":[{"href":"https:\/\/www.correiodascidades.com.br\/v1\/wp-json\/wp\/v2\/media?parent=1176"}],"wp:term":[{"taxonomy":"category","embeddable":true,"href":"https:\/\/www.correiodascidades.com.br\/v1\/wp-json\/wp\/v2\/categories?post=1176"},{"taxonomy":"post_tag","embeddable":true,"href":"https:\/\/www.correiodascidades.com.br\/v1\/wp-json\/wp\/v2\/tags?post=1176"}],"curies":[{"name":"wp","href":"https:\/\/api.w.org\/{rel}","templated":true}]}}