{"id":11780,"date":"2024-07-29T06:26:25","date_gmt":"2024-07-29T09:26:25","guid":{"rendered":"https:\/\/www.correiodascidades.com.br\/v1\/?p=11780"},"modified":"2024-07-29T06:26:25","modified_gmt":"2024-07-29T09:26:25","slug":"willian-lima-conquista-prata-no-judo-a-1a-medalha-do-brasil-em-paris","status":"publish","type":"post","link":"https:\/\/www.correiodascidades.com.br\/v1\/2024\/07\/29\/willian-lima-conquista-prata-no-judo-a-1a-medalha-do-brasil-em-paris\/","title":{"rendered":"Willian Lima conquista prata no jud\u00f4, a 1\u00aa medalha do Brasil em Paris"},"content":{"rendered":"<div class=\"entry-header\">\n<h1 class=\"jeg_post_title\"><\/h1>\n<\/div>\n<div class=\"entry-content with-share\">\n<div class=\"content-inner \">\n<h6><span class=\"highlight\"><a href=\"https:\/\/www.jornaldamidia.com.br\/wp-content\/uploads\/2024\/07\/willian_lima_judo_final_paris_2024.jpg\" class=\"gallery_colorbox\"><img loading=\"lazy\" class=\" wp-image-361416\" src=\"https:\/\/www.jornaldamidia.com.br\/wp-content\/uploads\/2024\/07\/willian_lima_judo_final_paris_2024.jpg\"  alt=\"\" width=\"622\" height=\"372\" data-pin-no-hover=\"true\" \/><\/a><em>Na sequ\u00eancia, Larissa Pimenta conquistrou o bronze no feminino (Foto: Wander Roberto\/COB\/Divulga\u00e7\u00e3o)<\/em><\/span><br \/>\nAg\u00eancia Brasil<\/h6>\n<p><span class=\"dropcap \">O<\/span>judoca brasileiro Willian Lima faturou prata, a primeira medalha do pa\u00eds na Olimp\u00edada de Paris. Natural de Mogi das Cruzes (SP), o atleta de 24 anos, estreante em Olimp\u00edadas, foi superado na final dos 66 quilos pelo campe\u00e3o ol\u00edmpico japon\u00eas Abe Hifumi, quatro vezes campe\u00e3o mundial.<\/p>\n<p>Para chegar \u00e0 final o paulista enfileirou quatro vit\u00f3rias consecutivas.<\/p>\n<blockquote class=\"twitter-tweet\" data-twitter-extracted-i1722192616991530826=\"true\">\n<p dir=\"ltr\" lang=\"pt\" xml:lang=\"pt\">\u00c9 PRATA PARA WILLIAN LIMA!<\/p>\n<p>A primeira medalha do Brasil em\u00a0<a href=\"https:\/\/twitter.com\/hashtag\/Paris2024?src=hash&amp;ref_src=twsrc%5Etfw\">#Paris2024<\/a>\u00a0\u00e9 do JUD\u00d4!<\/p>\n<p>Que dia, Will! Agora voc\u00ea tem seu nome marcado na hist\u00f3ria!<a href=\"https:\/\/twitter.com\/hashtag\/Judo?src=hash&amp;ref_src=twsrc%5Etfw\">#Judo<\/a>\u00a0<a href=\"https:\/\/twitter.com\/hashtag\/JogosOl%C3%ADmpicos?src=hash&amp;ref_src=twsrc%5Etfw\">#JogosOl\u00edmpicos<\/a>\u00a0<a href=\"https:\/\/t.co\/74t21Mzv9R\">pic.twitter.com\/74t21Mzv9R<\/a><\/p>\n<p>\u2014 CBJ (@JudoCBJ)\u00a0<a href=\"https:\/\/twitter.com\/JudoCBJ\/status\/1817590330470076841?ref_src=twsrc%5Etfw\">July 28, 2024<\/a><\/p><\/blockquote>\n<p>Na sequ\u00eancia, foi a vez da paulista Larissa Pimenta conquistar o bronze ao derrotar na final dos 52kg a italiana Odette Giuffrida, no golden score (tempo extra). A adevers\u00e1ria foi punida com o terceiro shido (falta de competitividade).. A judoca de 25 anos avan\u00e7ou \u00e0 final na repescagem, ap\u00f3s aplicar um ippon na alem\u00e3 Mascha Ballhaus.<\/p>\n<blockquote class=\"twitter-tweet\" data-twitter-extracted-i1722192616991530826=\"true\">\n<p dir=\"ltr\" lang=\"pt\" xml:lang=\"pt\">LARISSA PIMENTA, VC \u00c9 SENSACIONAL!!!! \u00c9 MEDALHA DE BRONZE!!!!!!! ?<\/p>\n<p>Que dia, que campanha!!!!<\/p>\n<p>Nossa pequena GIGANTE venceu a campe\u00e3 mundial Odette Giuffrida ?? nas puni\u00e7\u00f5es (3-2) e gantiu a SEGUNDA MEDALHA DO JUD\u00d4 BRASILEIRO EM\u00a0<a href=\"https:\/\/twitter.com\/hashtag\/PARIS2024?src=hash&amp;ref_src=twsrc%5Etfw\">#PARIS2024<\/a><\/p>\n<p>Que orgulhooooooooo<a href=\"https:\/\/twitter.com\/hashtag\/Judo?src=hash&amp;ref_src=twsrc%5Etfw\">#Judo<\/a>\u00a0<a href=\"https:\/\/t.co\/MwE1bBrCg1\">pic.twitter.com\/MwE1bBrCg1<\/a><\/p>\n<p>\u2014 CBJ (@JudoCBJ)\u00a0<a href=\"https:\/\/twitter.com\/JudoCBJ\/status\/1817596237475877067?ref_src=twsrc%5Etfw\">July 28, 2024<\/a><\/p><\/blockquote>\n<\/div>\n<\/div>\n","protected":false},"excerpt":{"rendered":"<p>Na sequ\u00eancia, Larissa Pimenta conquistrou o bronze no feminino (Foto: Wander Roberto\/COB\/Divulga\u00e7\u00e3o) Ag\u00eancia Brasil Ojudoca brasileiro Willian Lima faturou prata, a primeira medalha do pa\u00eds na Olimp\u00edada de Paris. Natural de Mogi das Cruzes (SP), o atleta de 24 anos, estreante em Olimp\u00edadas, foi superado na final dos 66 quilos pelo campe\u00e3o ol\u00edmpico japon\u00eas Abe [&hellip;]<\/p>\n","protected":false},"author":3,"featured_media":11773,"comment_status":"closed","ping_status":"closed","sticky":false,"template":"","format":"standard","meta":{"_links_to":"","_links_to_target":""},"categories":[13],"tags":[],"_links":{"self":[{"href":"https:\/\/www.correiodascidades.com.br\/v1\/wp-json\/wp\/v2\/posts\/11780"}],"collection":[{"href":"https:\/\/www.correiodascidades.com.br\/v1\/wp-json\/wp\/v2\/posts"}],"about":[{"href":"https:\/\/www.correiodascidades.com.br\/v1\/wp-json\/wp\/v2\/types\/post"}],"author":[{"embeddable":true,"href":"https:\/\/www.correiodascidades.com.br\/v1\/wp-json\/wp\/v2\/users\/3"}],"replies":[{"embeddable":true,"href":"https:\/\/www.correiodascidades.com.br\/v1\/wp-json\/wp\/v2\/comments?post=11780"}],"version-history":[{"count":1,"href":"https:\/\/www.correiodascidades.com.br\/v1\/wp-json\/wp\/v2\/posts\/11780\/revisions"}],"predecessor-version":[{"id":11781,"href":"https:\/\/www.correiodascidades.com.br\/v1\/wp-json\/wp\/v2\/posts\/11780\/revisions\/11781"}],"wp:featuredmedia":[{"embeddable":true,"href":"https:\/\/www.correiodascidades.com.br\/v1\/wp-json\/wp\/v2\/media\/11773"}],"wp:attachment":[{"href":"https:\/\/www.correiodascidades.com.br\/v1\/wp-json\/wp\/v2\/media?parent=11780"}],"wp:term":[{"taxonomy":"category","embeddable":true,"href":"https:\/\/www.correiodascidades.com.br\/v1\/wp-json\/wp\/v2\/categories?post=11780"},{"taxonomy":"post_tag","embeddable":true,"href":"https:\/\/www.correiodascidades.com.br\/v1\/wp-json\/wp\/v2\/tags?post=11780"}],"curies":[{"name":"wp","href":"https:\/\/api.w.org\/{rel}","templated":true}]}}