{"id":11782,"date":"2024-07-29T06:28:28","date_gmt":"2024-07-29T09:28:28","guid":{"rendered":"https:\/\/www.correiodascidades.com.br\/v1\/?p=11782"},"modified":"2024-07-29T06:28:28","modified_gmt":"2024-07-29T09:28:28","slug":"flamengo-vence-o-atletico-go-e-lidera-o-brasileirao","status":"publish","type":"post","link":"https:\/\/www.correiodascidades.com.br\/v1\/2024\/07\/29\/flamengo-vence-o-atletico-go-e-lidera-o-brasileirao\/","title":{"rendered":"Flamengo vence o Atl\u00e9tico-GO e lidera o Brasileir\u00e3o"},"content":{"rendered":"<div class=\"entry-header\">\n<h1 class=\"jeg_post_title\"><\/h1>\n<\/div>\n<div class=\"entry-content with-share\">\n<div class=\"content-inner \">\n<h6><span class=\"highlight\"><br \/>\n<img loading=\"lazy\" class=\"size-full wp-image-11323\" src=\"https:\/\/ilhadeitaparica.ba\/wp-content\/uploads\/2024\/07\/flamengo-gol-pedro-2807.jpg\" alt=\"\" width=\"759\" height=\"463\" data-pin-no-hover=\"true\" \/><\/span>\u00a0<em><span class=\"highlight\">O Flamengo chegou aos 40 pontos e supera o Botafogo no saldo de gols: 15 a 12. \u2013 Foto: Marcelo Cortes \/ CRF\/Divulga\u00e7\u00e3o<\/span><\/em><\/h6>\n<p><span class=\"dropcap \">N<\/span>a abertura do returno do Brasileir\u00e3o, o Flamengo manteve o \u00f3timo aproveitamento dentro de casa e venceu o Atl\u00e9tico-GO por 2 a 0, na tarde deste domingo (28), no Maracan\u00e3. Pedro e Arrascaeta balan\u00e7aram as redes para o Meng\u00e3o, que reassumiu a lideran\u00e7a do campeonato com 40 pontos e um jogo a menos.<\/p>\n<p>Agora, o Flamengo vira a chave e foca na partida da pr\u00f3xima quarta-feira (31) contra o Palmeiras, pelas oitavas da Copa do Brasil.<\/p>\n<p><b>O jogo<\/b><br \/>\nA partida come\u00e7ou com o Flamengo tocando a bola em busca de espa\u00e7o para entrar na defesa do Atl\u00e9tico-GO, que estava bem fechada. O time rubro-negro dominava as a\u00e7\u00f5es, at\u00e9 que aos 18\u2019, abriu o marcador com o artilheiro do Brasileir\u00e3o! Ap\u00f3s escanteio curto, Arrascaeta cruzou na primeira trave, Erick Pulgar deixa a bola passar e Pedro marca seu d\u00e9cimo gol no campeonato: 1 a 0.<\/p>\n<\/div>\n<\/div>\n<p><!--more--><\/p>\n<p>Em vantagem, o Flamengo seguiu buscando o ataque, e por pouco, n\u00e3o marcou o segundo aos 22\u2019. Varela cruzou na \u00e1rea, o goleiro saiu mal do gol e Ayrton Lucas emendou de primeira. A defesa fez o corte. Aos 31\u2019, outra boa chegada da equipe rubro-negra. Luiz Ara\u00fajo cruzou na \u00e1rea e Varela cabeceou muito perto da trave esquerda do goleiro.<\/p>\n<p>O Atl\u00e9tico-GO tentou uma press\u00e3o no fim da primeira etapa para buscar o empate, mas o Fla conseguiu segurar e foi para o intervalo com a vantagem. Com o resultado parcial, o Mais Querido vai retomando a lideran\u00e7a do Brasileir\u00e3o.<\/p>\n<p>Logo no primeiro lance do segundo tempo, Matheus Cunha fez uma \u00f3tima defesa e salvou o Flamengo de tomar o empate. O Atl\u00e9tico-GO apertou a marca\u00e7\u00e3o e dificultava a sa\u00edda de bola rubro-negra.<\/p>\n<p>At\u00e9 que aos 15\u2019, o Meng\u00e3o conseguiu escapar da marca\u00e7\u00e3o advers\u00e1ria para ampliar a vantagem com Arrascaeta! Erick fez boa jogada pelo meio e tocou para Ayrton Lucas rolar para o uruguaio, que ajeitou o corpo e bateu no cantinho para marcar o segundo. A Na\u00e7\u00e3o Rubro-Negra vai \u00e0 loucura no Maraca!<\/p>\n<p>Com esse gol, o camisa 14 chega a 57 em Brasileiros e se torna de forma isolada o segundo maior artilheiro estrangeiro da hist\u00f3ria da competi\u00e7\u00e3o, atr\u00e1s apenas de Petkovic, com 83.<\/p>\n<p>Com uma vantagem mais confort\u00e1vel, o t\u00e9cnico Tite promoveu v\u00e1rias substitui\u00e7\u00f5es na equipe, at\u00e9 para poupar alguns atletas visando o jogo contra o Palmeiras, pela Copa do Brasil.<\/p>\n<p>Por muito pouco, o Meng\u00e3o n\u00e3o fez o terceiro no finalzinho. Vi\u00f1a cruzou rasteiro de primeira, a bola passou por Gabi e foi at\u00e9 Carlinhos. O atacante escorou e o goleiro fez grande defesa. Fim de jogo no Maraca com vit\u00f3ria do Flamengo, que volta a liderar o Brasileir\u00e3o.<\/p>\n<p><b>Agenda da semana<\/b><br \/>\nO Rubro-Negro volta a campo na pr\u00f3xima quarta-feira (31) para enfrentar o Palmeiras, \u00e0s 20h, no Maracan\u00e3, no jogo de ida das oitavas de final da Copa do Brasil.<\/p>\n<p><b>Flamengo<\/b><br \/>\nMatheus Cunha; Varela (Wesley), David Luiz, L\u00e9o Ortiz e Ayrton Lucas (Vi\u00f1a); Erick, Gerson e Arrascaeta (Gabi); Luiz Ara\u00fajo, Everton Cebolinha (Matheus Gon\u00e7alves) e Pedro (Carlinhos).<br \/>\nT\u00e9cnico: Tite.<\/p>\n<p><b>Atl\u00e9tico-GO<\/b><br \/>\nPedro Rangel; Roni (Yony Gonz\u00e1lez), Adriano Martins, Pedro Henrique e Rodallega; Gonzalo Freitas, Rhaldney (Lucas Kal) e Baralhas (Shaylon); Janderson (Maguinho), Hurtado (Derek) e Luiz Fernando.<br \/>\nT\u00e9cnico: Vagner Mancini.<\/p>\n<p><b>Ficha t\u00e9cnica<\/b><br \/>\nFlamengo 2\u00d70 Atl\u00e9tico-GO \u2013 20\u00aa Rodada do Campeonato Brasileiro<br \/>\nLocal: Maracan\u00e3-RJ<br \/>\nData e hor\u00e1rio: 28\/07\/2024 \u00e0s 16h<br \/>\nP\u00fablico e renda: 61.883 \/ R$ 3.365.745<br \/>\nArbitragem: Gustavo Ervino Bauermann (SC), Thiaggo Americano Labes (SC) e Alex dos Santos (SC)<br \/>\nCart\u00f5es amarelos: Hurtado (ACG), Erick Pulgar (FLA), Pedro Henrique (ACG), Luiz Ara\u00fajo (FLA) e Pedro (FLA)<br \/>\nGols: Pedro (18\u20191\u00baT) e Arrascaeta (15\u20192\u00baT)<\/p>\n","protected":false},"excerpt":{"rendered":"<p>\u00a0O Flamengo chegou aos 40 pontos e supera o Botafogo no saldo de gols: 15 a 12. \u2013 Foto: Marcelo Cortes \/ CRF\/Divulga\u00e7\u00e3o Na abertura do returno do Brasileir\u00e3o, o Flamengo manteve o \u00f3timo aproveitamento dentro de casa e venceu o Atl\u00e9tico-GO por 2 a 0, na tarde deste domingo (28), no Maracan\u00e3. Pedro e [&hellip;]<\/p>\n","protected":false},"author":3,"featured_media":11774,"comment_status":"closed","ping_status":"closed","sticky":false,"template":"","format":"standard","meta":{"_links_to":"","_links_to_target":""},"categories":[1],"tags":[],"_links":{"self":[{"href":"https:\/\/www.correiodascidades.com.br\/v1\/wp-json\/wp\/v2\/posts\/11782"}],"collection":[{"href":"https:\/\/www.correiodascidades.com.br\/v1\/wp-json\/wp\/v2\/posts"}],"about":[{"href":"https:\/\/www.correiodascidades.com.br\/v1\/wp-json\/wp\/v2\/types\/post"}],"author":[{"embeddable":true,"href":"https:\/\/www.correiodascidades.com.br\/v1\/wp-json\/wp\/v2\/users\/3"}],"replies":[{"embeddable":true,"href":"https:\/\/www.correiodascidades.com.br\/v1\/wp-json\/wp\/v2\/comments?post=11782"}],"version-history":[{"count":1,"href":"https:\/\/www.correiodascidades.com.br\/v1\/wp-json\/wp\/v2\/posts\/11782\/revisions"}],"predecessor-version":[{"id":11783,"href":"https:\/\/www.correiodascidades.com.br\/v1\/wp-json\/wp\/v2\/posts\/11782\/revisions\/11783"}],"wp:featuredmedia":[{"embeddable":true,"href":"https:\/\/www.correiodascidades.com.br\/v1\/wp-json\/wp\/v2\/media\/11774"}],"wp:attachment":[{"href":"https:\/\/www.correiodascidades.com.br\/v1\/wp-json\/wp\/v2\/media?parent=11782"}],"wp:term":[{"taxonomy":"category","embeddable":true,"href":"https:\/\/www.correiodascidades.com.br\/v1\/wp-json\/wp\/v2\/categories?post=11782"},{"taxonomy":"post_tag","embeddable":true,"href":"https:\/\/www.correiodascidades.com.br\/v1\/wp-json\/wp\/v2\/tags?post=11782"}],"curies":[{"name":"wp","href":"https:\/\/api.w.org\/{rel}","templated":true}]}}