{"id":11793,"date":"2024-07-29T19:47:21","date_gmt":"2024-07-29T22:47:21","guid":{"rendered":"https:\/\/www.correiodascidades.com.br\/v1\/?p=11793"},"modified":"2024-07-29T19:47:21","modified_gmt":"2024-07-29T22:47:21","slug":"ubata-morre-o-ex-prefeito-androsil-rocha-e-silva-2","status":"publish","type":"post","link":"https:\/\/www.correiodascidades.com.br\/v1\/2024\/07\/29\/ubata-morre-o-ex-prefeito-androsil-rocha-e-silva-2\/","title":{"rendered":"Ubat\u00e3: Morre o ex-prefeito Androsil Rocha e Silva"},"content":{"rendered":"<p>&nbsp;<\/p>\n<div id=\"post-body-3694574895361848057\" class=\"post-body entry-content\">\n<div class=\"separator\">\n<div id=\"standard_1\" class=\"st-placement standard_1 inImage\">\n<div class=\"st-adunit st-adunit-tagged st-reset st-show\"><\/div>\n<\/div>\n<p><a href=\"https:\/\/blogger.googleusercontent.com\/img\/a\/AVvXsEgN5d1cVn-7-36u8sy5gKaMpWbmzNPVCC183eKxvNt6fP5PggnHbGJ4G_tJExX-egUlJ09NKNG7RhxA9rkAk49oOcPEipHDsUDYfXLgbbF8Hn6c6VfrOvDaM6xMW1WHKPpfx-uuqse6NUkD1EgTu_c_xpOndIMpQSGCMiMNtU9njxtb0hNF7u-OPl_J-Qk\"><img loading=\"lazy\" src=\"https:\/\/blogger.googleusercontent.com\/img\/a\/AVvXsEgN5d1cVn-7-36u8sy5gKaMpWbmzNPVCC183eKxvNt6fP5PggnHbGJ4G_tJExX-egUlJ09NKNG7RhxA9rkAk49oOcPEipHDsUDYfXLgbbF8Hn6c6VfrOvDaM6xMW1WHKPpfx-uuqse6NUkD1EgTu_c_xpOndIMpQSGCMiMNtU9njxtb0hNF7u-OPl_J-Qk=w527-h349\" alt=\"\" width=\"527\" height=\"349\" data-original-height=\"398\" data-original-width=\"600\" \/><\/a><\/div>\n<p>Faleceu, na manh\u00e3 desta segunda-feira, 29, no Hospital Geral de Ipia\u00fa, o ex-prefeito de Ubat\u00e3 Androsil Rocha e Silva. O ex-gestor estava internado h\u00e1 algumas semanas e tinha o quadro de sa\u00fade considerado delicado. Androsil foi eleito prefeito democraticamente por duas vezes: 1978 e 1988.<\/p>\n<p>O \u201cMagrinho El\u00e9trico\u201d, como tamb\u00e9m era conhecido, \u00e9 respons\u00e1vel por obras importantes de infraestrutura durante o seu mandato, como pavimenta\u00e7\u00e3o e constru\u00e7\u00e3o de diversas pontes nas zonas urbanas e rural. Androsil \u00e9 pai do atual vereador Erisvaldo Alexandrino, o Vado, que concorrer\u00e1 \u00e0 reelei\u00e7\u00e3o. Ainda n\u00e3o h\u00e1 informa\u00e7\u00f5es sobre vel\u00f3rio e sepultamento. *Com informa\u00e7\u00f5es do Ubat\u00e3 Not\u00edcias<\/p>\n<\/div>\n","protected":false},"excerpt":{"rendered":"<p>&nbsp; Faleceu, na manh\u00e3 desta segunda-feira, 29, no Hospital Geral de Ipia\u00fa, o ex-prefeito de Ubat\u00e3 Androsil Rocha e Silva. O ex-gestor estava internado h\u00e1 algumas semanas e tinha o quadro de sa\u00fade considerado delicado. Androsil foi eleito prefeito democraticamente por duas vezes: 1978 e 1988. O \u201cMagrinho El\u00e9trico\u201d, como tamb\u00e9m era conhecido, \u00e9 respons\u00e1vel [&hellip;]<\/p>\n","protected":false},"author":3,"featured_media":11790,"comment_status":"closed","ping_status":"closed","sticky":false,"template":"","format":"standard","meta":{"_links_to":"","_links_to_target":""},"categories":[1],"tags":[],"_links":{"self":[{"href":"https:\/\/www.correiodascidades.com.br\/v1\/wp-json\/wp\/v2\/posts\/11793"}],"collection":[{"href":"https:\/\/www.correiodascidades.com.br\/v1\/wp-json\/wp\/v2\/posts"}],"about":[{"href":"https:\/\/www.correiodascidades.com.br\/v1\/wp-json\/wp\/v2\/types\/post"}],"author":[{"embeddable":true,"href":"https:\/\/www.correiodascidades.com.br\/v1\/wp-json\/wp\/v2\/users\/3"}],"replies":[{"embeddable":true,"href":"https:\/\/www.correiodascidades.com.br\/v1\/wp-json\/wp\/v2\/comments?post=11793"}],"version-history":[{"count":1,"href":"https:\/\/www.correiodascidades.com.br\/v1\/wp-json\/wp\/v2\/posts\/11793\/revisions"}],"predecessor-version":[{"id":11794,"href":"https:\/\/www.correiodascidades.com.br\/v1\/wp-json\/wp\/v2\/posts\/11793\/revisions\/11794"}],"wp:featuredmedia":[{"embeddable":true,"href":"https:\/\/www.correiodascidades.com.br\/v1\/wp-json\/wp\/v2\/media\/11790"}],"wp:attachment":[{"href":"https:\/\/www.correiodascidades.com.br\/v1\/wp-json\/wp\/v2\/media?parent=11793"}],"wp:term":[{"taxonomy":"category","embeddable":true,"href":"https:\/\/www.correiodascidades.com.br\/v1\/wp-json\/wp\/v2\/categories?post=11793"},{"taxonomy":"post_tag","embeddable":true,"href":"https:\/\/www.correiodascidades.com.br\/v1\/wp-json\/wp\/v2\/tags?post=11793"}],"curies":[{"name":"wp","href":"https:\/\/api.w.org\/{rel}","templated":true}]}}