{"id":11796,"date":"2024-07-29T22:00:32","date_gmt":"2024-07-30T01:00:32","guid":{"rendered":"https:\/\/www.correiodascidades.com.br\/v1\/?p=11796"},"modified":"2024-07-29T22:00:32","modified_gmt":"2024-07-30T01:00:32","slug":"egislativo-aos-86-anos-vereador-edvaldo-brito-toma-decisao-sobre-reeleicao","status":"publish","type":"post","link":"https:\/\/www.correiodascidades.com.br\/v1\/2024\/07\/29\/egislativo-aos-86-anos-vereador-edvaldo-brito-toma-decisao-sobre-reeleicao\/","title":{"rendered":"EGISLATIVO  Aos 86 anos, vereador Edvaldo Brito toma decis\u00e3o sobre reelei\u00e7\u00e3o"},"content":{"rendered":"<p><img src=\"https:\/\/www.correiodascidades.com.br\/v1\/wp-content\/uploads\/2024\/07\/Aos-86-anos-vereador-Edvaldo-Brito-toma-decisao-so0128048900202407292006-ScaleDownProportional-_1_.jpeg\" \/><\/p>\n<p>Aos 86 anos, o decano da\u00a0<a href=\"https:\/\/atarde.com.br\/politica\/bahia\/vereadores-aprovam-plano-de-carreira-da-guarda-municipal-civil-1276147\" target=\"_blank\" rel=\"noopener\" data-rel-defined=\"\">C\u00e2mara Municipal de Salvador (CMS)<\/a>, vereador Edvaldo Brito (PSD) desiste de concorrer \u00e0 reelei\u00e7\u00e3o. A novidade foi anunciada nesta segunda-feira, 29, durante o ato de conven\u00e7\u00e3o do partido, no bairro do Rio Vermelho.<\/p>\n<p>O parlamentar abriu m\u00e3o da sua pr\u00e9-candidatura para apoiar o seu apadrinhado pol\u00edtico, Carlos Kleber, aposta do pessedista para suced\u00ea-lo na Casa Legislativa.<\/p>\n<p><a href=\"https:\/\/atarde.com.br\/politica\/bahia\/edvaldo-brito-eu-precisava-viver-para-ver-essa-redencao-1258409\" target=\"_blank\" rel=\"noopener\" data-rel-defined=\"\">Edvaldo Brito<\/a>, que tamb\u00e9m \u00e9 presidente do PSD municipal, est\u00e1 no seu terceiro mandato consecutivo na CMS, quando foi reeleito em 2020, com 4.725 votos. Na C\u00e2mara, o parlamentar adotou a posi\u00e7\u00e3o de independ\u00eancia ao governo<a href=\"https:\/\/atarde.com.br\/politica\/bahia\/bruno-reis-detalha-plano-de-governo-voltado-para-sustentabilidade-1280402\" target=\"_blank\" rel=\"noopener\" data-rel-defined=\"\">\u00a0Bruno Reis<\/a>\u00a0(Uni\u00e3o Brasil).<\/p>\n","protected":false},"excerpt":{"rendered":"<p>Aos 86 anos, o decano da\u00a0C\u00e2mara Municipal de Salvador (CMS), vereador Edvaldo Brito (PSD) desiste de concorrer \u00e0 reelei\u00e7\u00e3o. A novidade foi anunciada nesta segunda-feira, 29, durante o ato de conven\u00e7\u00e3o do partido, no bairro do Rio Vermelho. O parlamentar abriu m\u00e3o da sua pr\u00e9-candidatura para apoiar o seu apadrinhado pol\u00edtico, Carlos Kleber, aposta do [&hellip;]<\/p>\n","protected":false},"author":3,"featured_media":11797,"comment_status":"closed","ping_status":"closed","sticky":false,"template":"","format":"standard","meta":{"_links_to":"","_links_to_target":""},"categories":[11],"tags":[],"_links":{"self":[{"href":"https:\/\/www.correiodascidades.com.br\/v1\/wp-json\/wp\/v2\/posts\/11796"}],"collection":[{"href":"https:\/\/www.correiodascidades.com.br\/v1\/wp-json\/wp\/v2\/posts"}],"about":[{"href":"https:\/\/www.correiodascidades.com.br\/v1\/wp-json\/wp\/v2\/types\/post"}],"author":[{"embeddable":true,"href":"https:\/\/www.correiodascidades.com.br\/v1\/wp-json\/wp\/v2\/users\/3"}],"replies":[{"embeddable":true,"href":"https:\/\/www.correiodascidades.com.br\/v1\/wp-json\/wp\/v2\/comments?post=11796"}],"version-history":[{"count":1,"href":"https:\/\/www.correiodascidades.com.br\/v1\/wp-json\/wp\/v2\/posts\/11796\/revisions"}],"predecessor-version":[{"id":11798,"href":"https:\/\/www.correiodascidades.com.br\/v1\/wp-json\/wp\/v2\/posts\/11796\/revisions\/11798"}],"wp:featuredmedia":[{"embeddable":true,"href":"https:\/\/www.correiodascidades.com.br\/v1\/wp-json\/wp\/v2\/media\/11797"}],"wp:attachment":[{"href":"https:\/\/www.correiodascidades.com.br\/v1\/wp-json\/wp\/v2\/media?parent=11796"}],"wp:term":[{"taxonomy":"category","embeddable":true,"href":"https:\/\/www.correiodascidades.com.br\/v1\/wp-json\/wp\/v2\/categories?post=11796"},{"taxonomy":"post_tag","embeddable":true,"href":"https:\/\/www.correiodascidades.com.br\/v1\/wp-json\/wp\/v2\/tags?post=11796"}],"curies":[{"name":"wp","href":"https:\/\/api.w.org\/{rel}","templated":true}]}}