{"id":11860,"date":"2024-08-04T02:29:42","date_gmt":"2024-08-04T05:29:42","guid":{"rendered":"https:\/\/www.correiodascidades.com.br\/v1\/?p=11860"},"modified":"2024-08-04T02:29:42","modified_gmt":"2024-08-04T05:29:42","slug":"vitoria-impoe-derrota-ao-cuiaba-no-barradao-e-sobe-ns-tabela-do-campeonato-brasileiro","status":"publish","type":"post","link":"https:\/\/www.correiodascidades.com.br\/v1\/2024\/08\/04\/vitoria-impoe-derrota-ao-cuiaba-no-barradao-e-sobe-ns-tabela-do-campeonato-brasileiro\/","title":{"rendered":"Vit\u00f3ria imp\u00f5e derrota ao Cuiab\u00e1 no Barradao e sobe ns tabela do Campeonato Brasileiro"},"content":{"rendered":"<p><img loading=\"lazy\" class=\"\" src=\"https:\/\/www.correiodascidades.com.br\/v1\/wp-content\/uploads\/2024\/08\/vic-11524-1.jpg\" width=\"590\" height=\"332\" \/><\/p>\n<p><span class=\"dropcap \">O <\/span>Vit\u00f3ria segue 100% no segundo turno do Campeonato Brasileiro. Ap\u00f3s bater o Palmeiras no \u00faltimo fim de semana, o Rubro-Negro venceu o Cuiab\u00e1 na tarde deste s\u00e1bado por 1 a 0, no Barrad\u00e3o, em jogo da 22\u00aa rodada, e saiu da zona de rebaixamento. O zagueiro Wagner Leonardo foi o respons\u00e1vel por marcar o gol do jogo, que deixa o Dourado em situa\u00e7\u00e3o delicada no Z-4.<\/p>\n<p>O resultado tira o Vit\u00f3ria da zona de rebaixamento nesta 22\u00aa rodada. Ao t\u00e9rmino do confronto, o Rubro-Negro ficou na 12\u00aa posi\u00e7\u00e3o, com 21 pontos, mas o cen\u00e1rio pode mudar com os jogos das outras equipes, que t\u00eam, inclusive, partidas a menos no campeonato. J\u00e1 o Cuiab\u00e1 permanece na zona de rebaixamento, com 17 pontos e dois jogos a menos.<\/p>\n","protected":false},"excerpt":{"rendered":"<p>O Vit\u00f3ria segue 100% no segundo turno do Campeonato Brasileiro. Ap\u00f3s bater o Palmeiras no \u00faltimo fim de semana, o Rubro-Negro venceu o Cuiab\u00e1 na tarde deste s\u00e1bado por 1 a 0, no Barrad\u00e3o, em jogo da 22\u00aa rodada, e saiu da zona de rebaixamento. O zagueiro Wagner Leonardo foi o respons\u00e1vel por marcar o [&hellip;]<\/p>\n","protected":false},"author":3,"featured_media":11861,"comment_status":"closed","ping_status":"closed","sticky":false,"template":"","format":"standard","meta":{"_links_to":"","_links_to_target":""},"categories":[13],"tags":[],"_links":{"self":[{"href":"https:\/\/www.correiodascidades.com.br\/v1\/wp-json\/wp\/v2\/posts\/11860"}],"collection":[{"href":"https:\/\/www.correiodascidades.com.br\/v1\/wp-json\/wp\/v2\/posts"}],"about":[{"href":"https:\/\/www.correiodascidades.com.br\/v1\/wp-json\/wp\/v2\/types\/post"}],"author":[{"embeddable":true,"href":"https:\/\/www.correiodascidades.com.br\/v1\/wp-json\/wp\/v2\/users\/3"}],"replies":[{"embeddable":true,"href":"https:\/\/www.correiodascidades.com.br\/v1\/wp-json\/wp\/v2\/comments?post=11860"}],"version-history":[{"count":1,"href":"https:\/\/www.correiodascidades.com.br\/v1\/wp-json\/wp\/v2\/posts\/11860\/revisions"}],"predecessor-version":[{"id":11862,"href":"https:\/\/www.correiodascidades.com.br\/v1\/wp-json\/wp\/v2\/posts\/11860\/revisions\/11862"}],"wp:featuredmedia":[{"embeddable":true,"href":"https:\/\/www.correiodascidades.com.br\/v1\/wp-json\/wp\/v2\/media\/11861"}],"wp:attachment":[{"href":"https:\/\/www.correiodascidades.com.br\/v1\/wp-json\/wp\/v2\/media?parent=11860"}],"wp:term":[{"taxonomy":"category","embeddable":true,"href":"https:\/\/www.correiodascidades.com.br\/v1\/wp-json\/wp\/v2\/categories?post=11860"},{"taxonomy":"post_tag","embeddable":true,"href":"https:\/\/www.correiodascidades.com.br\/v1\/wp-json\/wp\/v2\/tags?post=11860"}],"curies":[{"name":"wp","href":"https:\/\/api.w.org\/{rel}","templated":true}]}}