{"id":11875,"date":"2024-08-04T21:54:58","date_gmt":"2024-08-05T00:54:58","guid":{"rendered":"https:\/\/www.correiodascidades.com.br\/v1\/?p=11875"},"modified":"2024-08-04T21:54:58","modified_gmt":"2024-08-05T00:54:58","slug":"colo-colo-vence-porto-0x1-e-fica-a-um-empate-do-titulo-de-campeao-baiano-serie-b-2024","status":"publish","type":"post","link":"https:\/\/www.correiodascidades.com.br\/v1\/2024\/08\/04\/colo-colo-vence-porto-0x1-e-fica-a-um-empate-do-titulo-de-campeao-baiano-serie-b-2024\/","title":{"rendered":"Colo Colo vence Porto (0x1) e fica a um empate do t\u00edtulo de Campe\u00e3o Baiano S\u00e9rie B 2024"},"content":{"rendered":"<p>&nbsp;<\/p>\n<div class=\"elementor-post__meta-data\"><span class=\"elementor-post-author\">Wilson Novaes\u00a0<\/span><span class=\"elementor-post-date\">\u00a004\/08\/2024<\/span><\/div>\n<figure id=\"attachment_35410\" class=\"wp-caption aligncenter\" aria-describedby=\"caption-attachment-35410\"><img loading=\"lazy\" class=\"size-full wp-image-35410 lazyautosizes lazyloaded\" src=\"https:\/\/jequiereporter.com\/wp-content\/uploads\/2024\/08\/Colo-Colo.jpg\" sizes=\"568px\" srcset=\"https:\/\/jequiereporter.com\/wp-content\/uploads\/2024\/08\/Colo-Colo.jpg 700w, https:\/\/jequiereporter.com\/wp-content\/uploads\/2024\/08\/Colo-Colo-300x129.jpg 300w\" alt=\"\" width=\"700\" height=\"300\" data-src=\"https:\/\/jequiereporter.com\/wp-content\/uploads\/2024\/08\/Colo-Colo.jpg\" data-srcset=\"https:\/\/jequiereporter.com\/wp-content\/uploads\/2024\/08\/Colo-Colo.jpg 700w, https:\/\/jequiereporter.com\/wp-content\/uploads\/2024\/08\/Colo-Colo-300x129.jpg 300w\" data-sizes=\"auto\" data-eio-rwidth=\"700\" data-eio-rheight=\"300\" \/><figcaption id=\"caption-attachment-35410\" class=\"wp-caption-text\">Atacante C\u00e1ssio marcou o gol da vit\u00f3ria do Colo Colo na segunda etapa do jogo<\/figcaption><\/figure>\n<p>O Colo Colo deu um passo gigante para a conquista do t\u00edtulo de Campe\u00e3o da S\u00e9rie B em 2024. Jogando na tarde deste domingo (4), no Est\u00e1dio Agnaldo Bento, em\u00a0 Porto Seguro, os comandados do t\u00e9cnico Paulo Salles conquistaram a vit\u00f3ria pelo escore m\u00ednimo diante do time da casa. Na partida de volta, domingo (10), \u00e0s 15h, no Est\u00e1dio M\u00e1rio Pessoa, o Tigr\u00e3o ficar\u00e1 com o t\u00edtulo em caso do jogo terminar empatado. O atacante C\u00e1ssio, que havia perdido um gol feito na etapa inicial, se redimiu e marcou aos 6h48 da etapa final, o gol da vit\u00f3ria do ilheense ao lavar a melhor numa bola enfiada entre dois zagueiros advers\u00e1rios para tirar do goleiro\u00a0 Tiago Passos. Colo Colo e o estreante Porto j\u00e1 est\u00e1 com vagas garantidas na elite do futebol profissional da Bahia em 2025.<\/p>\n<p>&nbsp;<\/p>\n","protected":false},"excerpt":{"rendered":"<p>&nbsp; Wilson Novaes\u00a0\u00a004\/08\/2024 Atacante C\u00e1ssio marcou o gol da vit\u00f3ria do Colo Colo na segunda etapa do jogo O Colo Colo deu um passo gigante para a conquista do t\u00edtulo de Campe\u00e3o da S\u00e9rie B em 2024. Jogando na tarde deste domingo (4), no Est\u00e1dio Agnaldo Bento, em\u00a0 Porto Seguro, os comandados do t\u00e9cnico Paulo [&hellip;]<\/p>\n","protected":false},"author":3,"featured_media":11876,"comment_status":"closed","ping_status":"closed","sticky":false,"template":"","format":"standard","meta":{"_links_to":"","_links_to_target":""},"categories":[1],"tags":[],"_links":{"self":[{"href":"https:\/\/www.correiodascidades.com.br\/v1\/wp-json\/wp\/v2\/posts\/11875"}],"collection":[{"href":"https:\/\/www.correiodascidades.com.br\/v1\/wp-json\/wp\/v2\/posts"}],"about":[{"href":"https:\/\/www.correiodascidades.com.br\/v1\/wp-json\/wp\/v2\/types\/post"}],"author":[{"embeddable":true,"href":"https:\/\/www.correiodascidades.com.br\/v1\/wp-json\/wp\/v2\/users\/3"}],"replies":[{"embeddable":true,"href":"https:\/\/www.correiodascidades.com.br\/v1\/wp-json\/wp\/v2\/comments?post=11875"}],"version-history":[{"count":1,"href":"https:\/\/www.correiodascidades.com.br\/v1\/wp-json\/wp\/v2\/posts\/11875\/revisions"}],"predecessor-version":[{"id":11877,"href":"https:\/\/www.correiodascidades.com.br\/v1\/wp-json\/wp\/v2\/posts\/11875\/revisions\/11877"}],"wp:featuredmedia":[{"embeddable":true,"href":"https:\/\/www.correiodascidades.com.br\/v1\/wp-json\/wp\/v2\/media\/11876"}],"wp:attachment":[{"href":"https:\/\/www.correiodascidades.com.br\/v1\/wp-json\/wp\/v2\/media?parent=11875"}],"wp:term":[{"taxonomy":"category","embeddable":true,"href":"https:\/\/www.correiodascidades.com.br\/v1\/wp-json\/wp\/v2\/categories?post=11875"},{"taxonomy":"post_tag","embeddable":true,"href":"https:\/\/www.correiodascidades.com.br\/v1\/wp-json\/wp\/v2\/tags?post=11875"}],"curies":[{"name":"wp","href":"https:\/\/api.w.org\/{rel}","templated":true}]}}