{"id":11934,"date":"2024-08-08T11:58:44","date_gmt":"2024-08-08T14:58:44","guid":{"rendered":"https:\/\/www.correiodascidades.com.br\/v1\/?p=11934"},"modified":"2024-08-08T11:58:44","modified_gmt":"2024-08-08T14:58:44","slug":"psd-mg-e-so-reclamacao-contra-pacheco-e-psd-mg-e-so-reclamacao-contra-pacheco-e","status":"publish","type":"post","link":"https:\/\/www.correiodascidades.com.br\/v1\/2024\/08\/08\/psd-mg-e-so-reclamacao-contra-pacheco-e-psd-mg-e-so-reclamacao-contra-pacheco-e\/","title":{"rendered":"PSD-MG \u00e9 s\u00f3 reclama\u00e7\u00e3o contra Pacheco e PSD-MG \u00e9 s\u00f3 reclama\u00e7\u00e3o contra Pacheco e"},"content":{"rendered":"<p><img loading=\"lazy\" class=\"\" src=\"https:\/\/www.correiodascidades.com.br\/v1\/wp-content\/uploads\/2024\/08\/11567047-alexandre-silveira-e-rodrigo-pacheco-ft-divulgacao-1-960x640-1.jpeg\" width=\"542\" height=\"361\" \/><\/p>\n<p><span class=\"dropcap \">S<\/span>obram reclama\u00e7\u00f5es dentro do PSD de Minas Gerais contra o presidente do Senado, Rodrigo Pacheco, e o ministro de Minas e Energia, Alexandre Silveira, caciques do partido no Estado e que pouco aparecem nos eventos dos correligion\u00e1rios que v\u00e3o disputar prefeituras neste ano. Os candidatos reclamam que a aus\u00eancia dos caciques esvazia os eventos e que, pelos cargos com relev\u00e2ncia nacional, a simples presen\u00e7a dos dois atrairia a aten\u00e7\u00e3o da imprensa e divulgaria os nomes dos candidatos.<\/p>\n<div id=\"Nota-7\" class=\"entry-block ch-nota Nota-7\">\n<h3>Nem a\u00ed<\/h3>\n<\/div>\n<p>Para mobilizar o eleitorado, sobrou para os dez deputados estaduais e os quatro federais, que reclamam do sumi\u00e7o dos caciques.<\/p>\n<div id=\"Nota-8\" class=\"entry-block ch-nota Nota-8\">\n<h3>\u00c0 deriva<\/h3>\n<\/div>\n<p>Sobre Pacheco, o sentimento \u00e9 de que desde que o senador disse que ia pendurar as chuteiras, o partido ficou \u00e0 deriva.<\/p>\n<div id=\"Nota-9\" class=\"entry-block ch-nota Nota-9\">\n<h3>N\u00e3o deu as caras<\/h3>\n<\/div>\n<p>Exemplo sempre citado \u00e9 o da prefeitura de Belo Horizonte, quando o prefeito Fuad Noman foi oficializado candidato sem Silveira ou Pacheco.<\/p>\n","protected":false},"excerpt":{"rendered":"<p>Sobram reclama\u00e7\u00f5es dentro do PSD de Minas Gerais contra o presidente do Senado, Rodrigo Pacheco, e o ministro de Minas e Energia, Alexandre Silveira, caciques do partido no Estado e que pouco aparecem nos eventos dos correligion\u00e1rios que v\u00e3o disputar prefeituras neste ano. Os candidatos reclamam que a aus\u00eancia dos caciques esvazia os eventos e [&hellip;]<\/p>\n","protected":false},"author":3,"featured_media":11935,"comment_status":"closed","ping_status":"closed","sticky":false,"template":"","format":"standard","meta":{"_links_to":"","_links_to_target":""},"categories":[1],"tags":[],"_links":{"self":[{"href":"https:\/\/www.correiodascidades.com.br\/v1\/wp-json\/wp\/v2\/posts\/11934"}],"collection":[{"href":"https:\/\/www.correiodascidades.com.br\/v1\/wp-json\/wp\/v2\/posts"}],"about":[{"href":"https:\/\/www.correiodascidades.com.br\/v1\/wp-json\/wp\/v2\/types\/post"}],"author":[{"embeddable":true,"href":"https:\/\/www.correiodascidades.com.br\/v1\/wp-json\/wp\/v2\/users\/3"}],"replies":[{"embeddable":true,"href":"https:\/\/www.correiodascidades.com.br\/v1\/wp-json\/wp\/v2\/comments?post=11934"}],"version-history":[{"count":1,"href":"https:\/\/www.correiodascidades.com.br\/v1\/wp-json\/wp\/v2\/posts\/11934\/revisions"}],"predecessor-version":[{"id":11936,"href":"https:\/\/www.correiodascidades.com.br\/v1\/wp-json\/wp\/v2\/posts\/11934\/revisions\/11936"}],"wp:featuredmedia":[{"embeddable":true,"href":"https:\/\/www.correiodascidades.com.br\/v1\/wp-json\/wp\/v2\/media\/11935"}],"wp:attachment":[{"href":"https:\/\/www.correiodascidades.com.br\/v1\/wp-json\/wp\/v2\/media?parent=11934"}],"wp:term":[{"taxonomy":"category","embeddable":true,"href":"https:\/\/www.correiodascidades.com.br\/v1\/wp-json\/wp\/v2\/categories?post=11934"},{"taxonomy":"post_tag","embeddable":true,"href":"https:\/\/www.correiodascidades.com.br\/v1\/wp-json\/wp\/v2\/tags?post=11934"}],"curies":[{"name":"wp","href":"https:\/\/api.w.org\/{rel}","templated":true}]}}