{"id":11937,"date":"2024-08-08T12:44:28","date_gmt":"2024-08-08T15:44:28","guid":{"rendered":"https:\/\/www.correiodascidades.com.br\/v1\/?p=11937"},"modified":"2024-08-08T12:44:28","modified_gmt":"2024-08-08T15:44:28","slug":"rui-exalta-competencia-de-adelia-e-confirma-presenca-em-ilheus","status":"publish","type":"post","link":"https:\/\/www.correiodascidades.com.br\/v1\/2024\/08\/08\/rui-exalta-competencia-de-adelia-e-confirma-presenca-em-ilheus\/","title":{"rendered":"Rui exalta compet\u00eancia de Ad\u00e9lia e confirma presen\u00e7a em Ilh\u00e9us"},"content":{"rendered":"<p><img loading=\"lazy\" class=\"\" src=\"https:\/\/www.correiodascidades.com.br\/v1\/wp-content\/uploads\/2024\/08\/addaf23f-0212-478a-8ae1-50e1d3e6d66c-ruy.jpeg\" width=\"521\" height=\"348\" \/><\/p>\n<p>Segundo Rui, n\u00e3o \u00e9 seu papel julgar a decis\u00e3o do prefeito M\u00e1rio Alexandre (PSD) de indicar um sucessor. &#8220;\u00c9 um direito dele, assim como \u00e9 direito do PT e da ex-secret\u00e1ria, que tem a vontade de demonstrar toda a sua capacidade e cuidar da cidade de Ilh\u00e9us. \u00c9 leg\u00edtimo. A democracia \u00e9 isso. O povo vai escolher, e cada um vai emitir sua opini\u00e3o sobre a elei\u00e7\u00e3o. Eu n\u00e3o ficarei omisso. Voc\u00ea pode ter absoluta certeza. Eu vou me manifestar&#8221;, concluiu.<\/p>\n<p>Parceria no Governo do Estado &#8211; Reitora da Universidade Estadual de Santa Cruz por dois mandatos, Ad\u00e9lia Pinheiro deixou a Universidade a convite do ent\u00e3o governador Rui Costa, em 2019, para administrar a Secretaria Estadual de Ci\u00eancia, Tecnologia e Inova\u00e7\u00e3o. Dois anos depois, Rui a nomeou secret\u00e1ria da Sa\u00fade da Bahia, cargo que exerceu at\u00e9 assumir a Secretaria da Educa\u00e7\u00e3o do Estado (SEC) no Governo Jer\u00f4nimo.<\/p>\n<p>Neste ano, Ad\u00e9lia deixou a SEC e lan\u00e7ou a pr\u00e9-candidatura a prefeita de Ilh\u00e9us pelo PT. Ela chega \u00e0 reta final da pr\u00e9-campanha com a maior coliga\u00e7\u00e3o do munic\u00edpio, reunindo nove partidos, inclusive o PDT, que indicou o vereador August\u00e3o para a vice.<\/p>\n","protected":false},"excerpt":{"rendered":"<p>Segundo Rui, n\u00e3o \u00e9 seu papel julgar a decis\u00e3o do prefeito M\u00e1rio Alexandre (PSD) de indicar um sucessor. &#8220;\u00c9 um direito dele, assim como \u00e9 direito do PT e da ex-secret\u00e1ria, que tem a vontade de demonstrar toda a sua capacidade e cuidar da cidade de Ilh\u00e9us. \u00c9 leg\u00edtimo. A democracia \u00e9 isso. O povo [&hellip;]<\/p>\n","protected":false},"author":3,"featured_media":11938,"comment_status":"closed","ping_status":"closed","sticky":false,"template":"","format":"standard","meta":{"_links_to":"","_links_to_target":""},"categories":[1],"tags":[],"_links":{"self":[{"href":"https:\/\/www.correiodascidades.com.br\/v1\/wp-json\/wp\/v2\/posts\/11937"}],"collection":[{"href":"https:\/\/www.correiodascidades.com.br\/v1\/wp-json\/wp\/v2\/posts"}],"about":[{"href":"https:\/\/www.correiodascidades.com.br\/v1\/wp-json\/wp\/v2\/types\/post"}],"author":[{"embeddable":true,"href":"https:\/\/www.correiodascidades.com.br\/v1\/wp-json\/wp\/v2\/users\/3"}],"replies":[{"embeddable":true,"href":"https:\/\/www.correiodascidades.com.br\/v1\/wp-json\/wp\/v2\/comments?post=11937"}],"version-history":[{"count":1,"href":"https:\/\/www.correiodascidades.com.br\/v1\/wp-json\/wp\/v2\/posts\/11937\/revisions"}],"predecessor-version":[{"id":11939,"href":"https:\/\/www.correiodascidades.com.br\/v1\/wp-json\/wp\/v2\/posts\/11937\/revisions\/11939"}],"wp:featuredmedia":[{"embeddable":true,"href":"https:\/\/www.correiodascidades.com.br\/v1\/wp-json\/wp\/v2\/media\/11938"}],"wp:attachment":[{"href":"https:\/\/www.correiodascidades.com.br\/v1\/wp-json\/wp\/v2\/media?parent=11937"}],"wp:term":[{"taxonomy":"category","embeddable":true,"href":"https:\/\/www.correiodascidades.com.br\/v1\/wp-json\/wp\/v2\/categories?post=11937"},{"taxonomy":"post_tag","embeddable":true,"href":"https:\/\/www.correiodascidades.com.br\/v1\/wp-json\/wp\/v2\/tags?post=11937"}],"curies":[{"name":"wp","href":"https:\/\/api.w.org\/{rel}","templated":true}]}}