{"id":1198,"date":"2022-11-03T15:44:52","date_gmt":"2022-11-03T18:44:52","guid":{"rendered":"https:\/\/www.correiodascidades.com.br\/v1\/?p=1198"},"modified":"2022-11-03T15:46:26","modified_gmt":"2022-11-03T18:46:26","slug":"gerente-regional-da-embasa-felipe-madureira-atende-reclamacao-de-ouvinte-no-radio-e-resolveu-o-problema-questionado","status":"publish","type":"post","link":"https:\/\/www.correiodascidades.com.br\/v1\/2022\/11\/03\/gerente-regional-da-embasa-felipe-madureira-atende-reclamacao-de-ouvinte-no-radio-e-resolveu-o-problema-questionado\/","title":{"rendered":"Gerente Regional da Embasa Felipe Madureira atende reclama\u00e7\u00e3o de ouvinte no r\u00e1dio e resolveu o problema questionado."},"content":{"rendered":"<p><img loading=\"lazy\" class=\"\" src=\"https:\/\/www.correiodascidades.com.br\/v1\/wp-content\/uploads\/2022\/11\/felipe-madureira-e1667500801730.jpg\" width=\"585\" height=\"376\" \/><\/p>\n<p>&nbsp;<\/p>\n<p>Gerente Regional da Embasa Felipe Madureira atende reclama\u00e7\u00e3o de ouvinte no r\u00e1dio e resolveu o problema questionado.<\/p>\n<p>Como prova de fazer trabalhos em excel\u00eancia na cidade de Ilh\u00e9us, a (EMBASA), Empresa Baiana de Saneamento B\u00e1sico, atrav\u00e9s de seu gerente regional \u2013 resolveu um problema na Rua Brigadeiro Eduardo Gomes bairro Pontal. <!--more--><\/p>\n<p>Atendendo a \u00a0fala da ouvinte Sr\u00aa Romana do Pontal que ligou para R\u00e1dio reclamando de um entulho em sua porta que j\u00e1 estava por l\u00e1 h\u00e1 muito tempo, ao ouvir a reclama\u00e7\u00e3o o gerente oficio aos integrantes que de imediato fossem na localidade para resolver o citado problema.<\/p>\n<p>No momento em que a ouvinte participava questionando o problema, o referido gerente estava em um clinica sendo atendido e de imediato ordenou que fosse feito contatos e que fosse resolvido o problema mencionado.<\/p>\n<p>Felipe Madureira tem sido uma das pessoas que de imediato busca atender aos chamamentos e resolve as quest\u00f5es pendentes. Isso tem levado a embasa ao seu maior grau de satisfa\u00e7\u00e3o e respeito aos consumidores em geral.<\/p>\n<p>A embasa tem se destacado muito nos \u00faltimos tempos nesse sentido e a popula\u00e7\u00e3o ganhou muito.<\/p>\n<p>&nbsp;<\/p>\n","protected":false},"excerpt":{"rendered":"<p>&nbsp; Gerente Regional da Embasa Felipe Madureira atende reclama\u00e7\u00e3o de ouvinte no r\u00e1dio e resolveu o problema questionado. Como prova de fazer trabalhos em excel\u00eancia na cidade de Ilh\u00e9us, a (EMBASA), Empresa Baiana de Saneamento B\u00e1sico, atrav\u00e9s de seu gerente regional \u2013 resolveu um problema na Rua Brigadeiro Eduardo Gomes bairro Pontal.<\/p>\n","protected":false},"author":3,"featured_media":1199,"comment_status":"closed","ping_status":"closed","sticky":false,"template":"","format":"standard","meta":{"_links_to":"","_links_to_target":""},"categories":[1],"tags":[],"_links":{"self":[{"href":"https:\/\/www.correiodascidades.com.br\/v1\/wp-json\/wp\/v2\/posts\/1198"}],"collection":[{"href":"https:\/\/www.correiodascidades.com.br\/v1\/wp-json\/wp\/v2\/posts"}],"about":[{"href":"https:\/\/www.correiodascidades.com.br\/v1\/wp-json\/wp\/v2\/types\/post"}],"author":[{"embeddable":true,"href":"https:\/\/www.correiodascidades.com.br\/v1\/wp-json\/wp\/v2\/users\/3"}],"replies":[{"embeddable":true,"href":"https:\/\/www.correiodascidades.com.br\/v1\/wp-json\/wp\/v2\/comments?post=1198"}],"version-history":[{"count":2,"href":"https:\/\/www.correiodascidades.com.br\/v1\/wp-json\/wp\/v2\/posts\/1198\/revisions"}],"predecessor-version":[{"id":1201,"href":"https:\/\/www.correiodascidades.com.br\/v1\/wp-json\/wp\/v2\/posts\/1198\/revisions\/1201"}],"wp:featuredmedia":[{"embeddable":true,"href":"https:\/\/www.correiodascidades.com.br\/v1\/wp-json\/wp\/v2\/media\/1199"}],"wp:attachment":[{"href":"https:\/\/www.correiodascidades.com.br\/v1\/wp-json\/wp\/v2\/media?parent=1198"}],"wp:term":[{"taxonomy":"category","embeddable":true,"href":"https:\/\/www.correiodascidades.com.br\/v1\/wp-json\/wp\/v2\/categories?post=1198"},{"taxonomy":"post_tag","embeddable":true,"href":"https:\/\/www.correiodascidades.com.br\/v1\/wp-json\/wp\/v2\/tags?post=1198"}],"curies":[{"name":"wp","href":"https:\/\/api.w.org\/{rel}","templated":true}]}}