{"id":12000,"date":"2024-08-13T00:11:24","date_gmt":"2024-08-13T03:11:24","guid":{"rendered":"https:\/\/www.correiodascidades.com.br\/v1\/?p=12000"},"modified":"2024-08-13T00:16:12","modified_gmt":"2024-08-13T03:16:12","slug":"12000","status":"publish","type":"post","link":"https:\/\/www.correiodascidades.com.br\/v1\/2024\/08\/13\/12000\/","title":{"rendered":"Vai ficar mais dificil enterrar uma pessoa agora quando morrer, veja a nova lei."},"content":{"rendered":"<p><img loading=\"lazy\" class=\"alignnone wp-image-12002\" src=\"https:\/\/www.correiodascidades.com.br\/v1\/wp-content\/uploads\/2024\/08\/download-2.jpeg\" alt=\"\" width=\"369\" height=\"369\" srcset=\"https:\/\/www.correiodascidades.com.br\/v1\/wp-content\/uploads\/2024\/08\/download-2.jpeg 225w, https:\/\/www.correiodascidades.com.br\/v1\/wp-content\/uploads\/2024\/08\/download-2-150x150.jpeg 150w\" sizes=\"(max-width: 369px) 100vw, 369px\" \/><\/p>\n<p>As empresas de servi\u00e7os funer\u00e1rios est\u00e3o se mobilizando nos bastidores para combater a iminente alta de impostos prevista pela nova regulamenta\u00e7\u00e3o da Reforma Tribut\u00e1ria.<\/p>\n<div class=\"r4ads r4ads-desktop r4ads-336x280\">\n<div id=\"div-gpt-ad-1703768307603-2\" data-r4ad=\"\/198073784,23033194772\/jornalRazao\/interna\/d_middle_336x280_1\" data-r4ad-sizes=\"[[336,280],[300,250],[250,250]]\" data-google-query-id=\"CObVh7L98IcDFXVLuAQdlfcORg\">\n<div id=\"google_ads_iframe_\/198073784,23033194772\/jornalRazao\/interna\/d_middle_336x280_1_0__container__\">O temor \u00e9 que, caso o Senado n\u00e3o fa\u00e7a ajustes no projeto, a atual al\u00edquota de 8,65% para esses servi\u00e7os seja substitu\u00edda pela taxa integral de 26,5%, o que representaria um aumento de impressionantes 206%.<\/div>\n<\/div>\n<\/div>\n<p>A perspectiva de um aumento t\u00e3o significativo gerou rea\u00e7\u00f5es imediatas nas redes sociais, onde internautas reavivaram memes que atacam o ministro da Fazenda, Fernando Haddad.<\/p>\n<p>Nas \u00faltimas semanas, Haddad tem sido alvo de cr\u00edticas intensas e at\u00e9 de um boicote, sendo apelidado de &#8220;Z\u00e9 do Tax\u00e3o&#8221;. Recentemente, uma fotomontagem sat\u00edrica do ministro chegou a ser exibida nos tel\u00f5es da Times Square, em Nova York. Com a amea\u00e7a de um aumento tribut\u00e1rio no setor funer\u00e1rio, as piadas sobre Haddad ganharam nova vida e viralizaram novamente.<\/p>\n","protected":false},"excerpt":{"rendered":"<p>As empresas de servi\u00e7os funer\u00e1rios est\u00e3o se mobilizando nos bastidores para combater a iminente alta de impostos prevista pela nova regulamenta\u00e7\u00e3o da Reforma Tribut\u00e1ria. O temor \u00e9 que, caso o Senado n\u00e3o fa\u00e7a ajustes no projeto, a atual al\u00edquota de 8,65% para esses servi\u00e7os seja substitu\u00edda pela taxa integral de 26,5%, o que representaria um [&hellip;]<\/p>\n","protected":false},"author":3,"featured_media":12001,"comment_status":"closed","ping_status":"closed","sticky":false,"template":"","format":"standard","meta":{"_links_to":"","_links_to_target":""},"categories":[1],"tags":[],"_links":{"self":[{"href":"https:\/\/www.correiodascidades.com.br\/v1\/wp-json\/wp\/v2\/posts\/12000"}],"collection":[{"href":"https:\/\/www.correiodascidades.com.br\/v1\/wp-json\/wp\/v2\/posts"}],"about":[{"href":"https:\/\/www.correiodascidades.com.br\/v1\/wp-json\/wp\/v2\/types\/post"}],"author":[{"embeddable":true,"href":"https:\/\/www.correiodascidades.com.br\/v1\/wp-json\/wp\/v2\/users\/3"}],"replies":[{"embeddable":true,"href":"https:\/\/www.correiodascidades.com.br\/v1\/wp-json\/wp\/v2\/comments?post=12000"}],"version-history":[{"count":3,"href":"https:\/\/www.correiodascidades.com.br\/v1\/wp-json\/wp\/v2\/posts\/12000\/revisions"}],"predecessor-version":[{"id":12006,"href":"https:\/\/www.correiodascidades.com.br\/v1\/wp-json\/wp\/v2\/posts\/12000\/revisions\/12006"}],"wp:featuredmedia":[{"embeddable":true,"href":"https:\/\/www.correiodascidades.com.br\/v1\/wp-json\/wp\/v2\/media\/12001"}],"wp:attachment":[{"href":"https:\/\/www.correiodascidades.com.br\/v1\/wp-json\/wp\/v2\/media?parent=12000"}],"wp:term":[{"taxonomy":"category","embeddable":true,"href":"https:\/\/www.correiodascidades.com.br\/v1\/wp-json\/wp\/v2\/categories?post=12000"},{"taxonomy":"post_tag","embeddable":true,"href":"https:\/\/www.correiodascidades.com.br\/v1\/wp-json\/wp\/v2\/tags?post=12000"}],"curies":[{"name":"wp","href":"https:\/\/api.w.org\/{rel}","templated":true}]}}