{"id":1206,"date":"2022-11-03T16:31:13","date_gmt":"2022-11-03T19:31:13","guid":{"rendered":"https:\/\/www.correiodascidades.com.br\/v1\/?p=1206"},"modified":"2022-11-03T16:31:13","modified_gmt":"2022-11-03T19:31:13","slug":"nesta-quinta-feira-3-as-15h-jeronimo-rodrigues-e-rui-costa-se-reunem-na-governadoria","status":"publish","type":"post","link":"https:\/\/www.correiodascidades.com.br\/v1\/2022\/11\/03\/nesta-quinta-feira-3-as-15h-jeronimo-rodrigues-e-rui-costa-se-reunem-na-governadoria\/","title":{"rendered":"Nesta quinta-feira (3), \u00e0s 15h, Jer\u00f4nimo Rodrigues e Rui Costa se re\u00fanem na Governadoria"},"content":{"rendered":"<p><img loading=\"lazy\" class=\"\" src=\"https:\/\/www.correiodascidades.com.br\/v1\/wp-content\/uploads\/2022\/11\/geronjimo.jpg\" width=\"588\" height=\"353\" \/><\/p>\n<p>O governador eleito, Jer\u00f4nimo Rodrigues, se re\u00fane com o atual governador da Bahia, Rui Costa, \u00e0s 15h desta quinta-feira (3), na sede da Governadoria, no Centro Administrativo da Bahia (CAB), em Salvador. A imprensa poder\u00e1 fazer imagens da reuni\u00e3o. Ap\u00f3s o encontro, Jer\u00f4nimo e Rui conceder\u00e3o entrevista coletiva, no Gabinete do Governador, no 3\u00ba andar do pr\u00e9dio da Governadoria. <!--more--><\/p>\n","protected":false},"excerpt":{"rendered":"<p>O governador eleito, Jer\u00f4nimo Rodrigues, se re\u00fane com o atual governador da Bahia, Rui Costa, \u00e0s 15h desta quinta-feira (3), na sede da Governadoria, no Centro Administrativo da Bahia (CAB), em Salvador. A imprensa poder\u00e1 fazer imagens da reuni\u00e3o. Ap\u00f3s o encontro, Jer\u00f4nimo e Rui conceder\u00e3o entrevista coletiva, no Gabinete do Governador, no 3\u00ba andar [&hellip;]<\/p>\n","protected":false},"author":3,"featured_media":1207,"comment_status":"closed","ping_status":"closed","sticky":false,"template":"","format":"standard","meta":{"_links_to":"","_links_to_target":""},"categories":[2],"tags":[],"_links":{"self":[{"href":"https:\/\/www.correiodascidades.com.br\/v1\/wp-json\/wp\/v2\/posts\/1206"}],"collection":[{"href":"https:\/\/www.correiodascidades.com.br\/v1\/wp-json\/wp\/v2\/posts"}],"about":[{"href":"https:\/\/www.correiodascidades.com.br\/v1\/wp-json\/wp\/v2\/types\/post"}],"author":[{"embeddable":true,"href":"https:\/\/www.correiodascidades.com.br\/v1\/wp-json\/wp\/v2\/users\/3"}],"replies":[{"embeddable":true,"href":"https:\/\/www.correiodascidades.com.br\/v1\/wp-json\/wp\/v2\/comments?post=1206"}],"version-history":[{"count":1,"href":"https:\/\/www.correiodascidades.com.br\/v1\/wp-json\/wp\/v2\/posts\/1206\/revisions"}],"predecessor-version":[{"id":1208,"href":"https:\/\/www.correiodascidades.com.br\/v1\/wp-json\/wp\/v2\/posts\/1206\/revisions\/1208"}],"wp:featuredmedia":[{"embeddable":true,"href":"https:\/\/www.correiodascidades.com.br\/v1\/wp-json\/wp\/v2\/media\/1207"}],"wp:attachment":[{"href":"https:\/\/www.correiodascidades.com.br\/v1\/wp-json\/wp\/v2\/media?parent=1206"}],"wp:term":[{"taxonomy":"category","embeddable":true,"href":"https:\/\/www.correiodascidades.com.br\/v1\/wp-json\/wp\/v2\/categories?post=1206"},{"taxonomy":"post_tag","embeddable":true,"href":"https:\/\/www.correiodascidades.com.br\/v1\/wp-json\/wp\/v2\/tags?post=1206"}],"curies":[{"name":"wp","href":"https:\/\/api.w.org\/{rel}","templated":true}]}}