{"id":1209,"date":"2022-11-03T19:16:00","date_gmt":"2022-11-03T22:16:00","guid":{"rendered":"https:\/\/www.correiodascidades.com.br\/v1\/?p=1209"},"modified":"2022-11-03T19:16:54","modified_gmt":"2022-11-03T22:16:54","slug":"rui-costa-e-jeronimo-rodrigues-iniciam-transicao-de-governo","status":"publish","type":"post","link":"https:\/\/www.correiodascidades.com.br\/v1\/2022\/11\/03\/rui-costa-e-jeronimo-rodrigues-iniciam-transicao-de-governo\/","title":{"rendered":"Rui Costa e Jer\u00f4nimo Rodrigues iniciam transi\u00e7\u00e3o de Governo"},"content":{"rendered":"<p>&nbsp;<\/p>\n<p><img src=\"https:\/\/www.correiodascidades.com.br\/v1\/wp-content\/uploads\/2022\/11\/Transicao-e1667513621397.jpg\" \/><\/p>\n<p>&nbsp;<\/p>\n<p>o governador rui costa recebeu &#8211; nesta quinta-feira (3) no centro administrativo o governador eleito Jer\u00f4nimo Rodrigues e o vice-governador eleito Geraldo J\u00fanior para iniciar as tratativas de transi\u00e7\u00e3o. Na oportunidade Rui ressaltou que vai fazer um decreto esta semana nomeando a comiss\u00e3o que vai tomar as provid\u00eancias necess\u00e1rias para todo o fluxo de informa\u00e7\u00f5es com as pessoas indicadas pelo governador eleito Jer\u00f4nimo Rodrigues.<\/p>\n","protected":false},"excerpt":{"rendered":"<p>&nbsp; &nbsp; o governador rui costa recebeu &#8211; nesta quinta-feira (3) no centro administrativo o governador eleito Jer\u00f4nimo Rodrigues e o vice-governador eleito Geraldo J\u00fanior para iniciar as tratativas de transi\u00e7\u00e3o. Na oportunidade Rui ressaltou que vai fazer um decreto esta semana nomeando a comiss\u00e3o que vai tomar as provid\u00eancias necess\u00e1rias para todo o fluxo [&hellip;]<\/p>\n","protected":false},"author":3,"featured_media":1210,"comment_status":"closed","ping_status":"closed","sticky":false,"template":"","format":"standard","meta":{"_links_to":"","_links_to_target":""},"categories":[2],"tags":[],"_links":{"self":[{"href":"https:\/\/www.correiodascidades.com.br\/v1\/wp-json\/wp\/v2\/posts\/1209"}],"collection":[{"href":"https:\/\/www.correiodascidades.com.br\/v1\/wp-json\/wp\/v2\/posts"}],"about":[{"href":"https:\/\/www.correiodascidades.com.br\/v1\/wp-json\/wp\/v2\/types\/post"}],"author":[{"embeddable":true,"href":"https:\/\/www.correiodascidades.com.br\/v1\/wp-json\/wp\/v2\/users\/3"}],"replies":[{"embeddable":true,"href":"https:\/\/www.correiodascidades.com.br\/v1\/wp-json\/wp\/v2\/comments?post=1209"}],"version-history":[{"count":2,"href":"https:\/\/www.correiodascidades.com.br\/v1\/wp-json\/wp\/v2\/posts\/1209\/revisions"}],"predecessor-version":[{"id":1212,"href":"https:\/\/www.correiodascidades.com.br\/v1\/wp-json\/wp\/v2\/posts\/1209\/revisions\/1212"}],"wp:featuredmedia":[{"embeddable":true,"href":"https:\/\/www.correiodascidades.com.br\/v1\/wp-json\/wp\/v2\/media\/1210"}],"wp:attachment":[{"href":"https:\/\/www.correiodascidades.com.br\/v1\/wp-json\/wp\/v2\/media?parent=1209"}],"wp:term":[{"taxonomy":"category","embeddable":true,"href":"https:\/\/www.correiodascidades.com.br\/v1\/wp-json\/wp\/v2\/categories?post=1209"},{"taxonomy":"post_tag","embeddable":true,"href":"https:\/\/www.correiodascidades.com.br\/v1\/wp-json\/wp\/v2\/tags?post=1209"}],"curies":[{"name":"wp","href":"https:\/\/api.w.org\/{rel}","templated":true}]}}