{"id":1228,"date":"2022-11-05T17:31:11","date_gmt":"2022-11-05T20:31:11","guid":{"rendered":"https:\/\/www.correiodascidades.com.br\/v1\/?p=1228"},"modified":"2022-11-05T17:31:11","modified_gmt":"2022-11-05T20:31:11","slug":"pelo-menos-10-pessoas-ficam-feridas-em-acidente-entre-carretas-e-onibus-na-chapada-diamantina","status":"publish","type":"post","link":"https:\/\/www.correiodascidades.com.br\/v1\/2022\/11\/05\/pelo-menos-10-pessoas-ficam-feridas-em-acidente-entre-carretas-e-onibus-na-chapada-diamantina\/","title":{"rendered":"Pelo menos 10 pessoas ficam feridas em acidente entre carretas e \u00f4nibus na Chapada Diamantina"},"content":{"rendered":"<h3 class=\"post-title entry-title\"><\/h3>\n<div class=\"post-header\">\n<div class=\"post-header-line-1\"><\/div>\n<\/div>\n<div id=\"post-body-5108771479352087044\" class=\"post-body entry-content\">\n<p>&nbsp;<\/p>\n<div class=\"separator\"><a href=\"https:\/\/blogger.googleusercontent.com\/img\/a\/AVvXsEgomOdyULXjC3cd6YfJCjhvaZIM7rciN-Gddoa6_yQbrEuCQTrDKibAMcSPzq1wvSAtBThpvl9xo000buP2B8rJK7kwER7aLIA90TJpzSeskJGGW5nTuUkNKI6UbarG2F-z3RviNQ5nB7XfYOrVJMYVadpbMJrYyeEWDXysSC8jOxUiaJbaC8NKsxw4lg\"><img loading=\"lazy\" src=\"https:\/\/blogger.googleusercontent.com\/img\/a\/AVvXsEgomOdyULXjC3cd6YfJCjhvaZIM7rciN-Gddoa6_yQbrEuCQTrDKibAMcSPzq1wvSAtBThpvl9xo000buP2B8rJK7kwER7aLIA90TJpzSeskJGGW5nTuUkNKI6UbarG2F-z3RviNQ5nB7XfYOrVJMYVadpbMJrYyeEWDXysSC8jOxUiaJbaC8NKsxw4lg=w563-h317\" alt=\"\" width=\"563\" height=\"317\" data-original-height=\"360\" data-original-width=\"640\" \/><\/a><\/div>\n<p>&nbsp;<\/p>\n<p>Pelo menos 10 pessoas ficaram feridas em um acidente entre tr\u00eas carretas e um \u00f4nibus, por volta das 6h deste s\u00e1bado (5), no km 322 da BR-242, no entroncamento de liga\u00e7\u00e3o entre as cidades de Andara\u00ed e Wagner, na Chapada Diamantina. As informa\u00e7\u00f5es s\u00e3o da Pol\u00edcia Rodovi\u00e1ria Federal (PRF).<\/p>\n<p>A pista precisou ser interditada e ainda n\u00e3o h\u00e1 informa\u00e7\u00f5es sobre o estado de sa\u00fade das v\u00edtimas.<\/p>\n<p>De acordo com a PRF, todos feridos estavam no coletivo. Pelo menos duas pessoas foram encaminhadas em estado grave para um hospital na cidade de Wagner. S\u00e3o elas: o motorista do \u00f4nibus e um passageiro, que estava sentado na primeira poltrona.<\/p>\n<p>O \u00f4nibus operava em linha de turismo e saiu de Salvador com passageiros que passariam o final de semana no munic\u00edpio de Seabra.<\/p>\n<\/div>\n","protected":false},"excerpt":{"rendered":"<p>&nbsp; &nbsp; Pelo menos 10 pessoas ficaram feridas em um acidente entre tr\u00eas carretas e um \u00f4nibus, por volta das 6h deste s\u00e1bado (5), no km 322 da BR-242, no entroncamento de liga\u00e7\u00e3o entre as cidades de Andara\u00ed e Wagner, na Chapada Diamantina. As informa\u00e7\u00f5es s\u00e3o da Pol\u00edcia Rodovi\u00e1ria Federal (PRF). A pista precisou ser [&hellip;]<\/p>\n","protected":false},"author":3,"featured_media":1229,"comment_status":"closed","ping_status":"closed","sticky":false,"template":"","format":"standard","meta":{"_links_to":"","_links_to_target":""},"categories":[2],"tags":[],"_links":{"self":[{"href":"https:\/\/www.correiodascidades.com.br\/v1\/wp-json\/wp\/v2\/posts\/1228"}],"collection":[{"href":"https:\/\/www.correiodascidades.com.br\/v1\/wp-json\/wp\/v2\/posts"}],"about":[{"href":"https:\/\/www.correiodascidades.com.br\/v1\/wp-json\/wp\/v2\/types\/post"}],"author":[{"embeddable":true,"href":"https:\/\/www.correiodascidades.com.br\/v1\/wp-json\/wp\/v2\/users\/3"}],"replies":[{"embeddable":true,"href":"https:\/\/www.correiodascidades.com.br\/v1\/wp-json\/wp\/v2\/comments?post=1228"}],"version-history":[{"count":1,"href":"https:\/\/www.correiodascidades.com.br\/v1\/wp-json\/wp\/v2\/posts\/1228\/revisions"}],"predecessor-version":[{"id":1231,"href":"https:\/\/www.correiodascidades.com.br\/v1\/wp-json\/wp\/v2\/posts\/1228\/revisions\/1231"}],"wp:featuredmedia":[{"embeddable":true,"href":"https:\/\/www.correiodascidades.com.br\/v1\/wp-json\/wp\/v2\/media\/1229"}],"wp:attachment":[{"href":"https:\/\/www.correiodascidades.com.br\/v1\/wp-json\/wp\/v2\/media?parent=1228"}],"wp:term":[{"taxonomy":"category","embeddable":true,"href":"https:\/\/www.correiodascidades.com.br\/v1\/wp-json\/wp\/v2\/categories?post=1228"},{"taxonomy":"post_tag","embeddable":true,"href":"https:\/\/www.correiodascidades.com.br\/v1\/wp-json\/wp\/v2\/tags?post=1228"}],"curies":[{"name":"wp","href":"https:\/\/api.w.org\/{rel}","templated":true}]}}