{"id":1232,"date":"2022-11-05T17:51:21","date_gmt":"2022-11-05T20:51:21","guid":{"rendered":"https:\/\/www.correiodascidades.com.br\/v1\/?p=1232"},"modified":"2022-11-05T17:51:21","modified_gmt":"2022-11-05T20:51:21","slug":"dia-do-escrivao-foi-comemorado-apenas-na-lembranca-do-sindicato-da-categoria","status":"publish","type":"post","link":"https:\/\/www.correiodascidades.com.br\/v1\/2022\/11\/05\/dia-do-escrivao-foi-comemorado-apenas-na-lembranca-do-sindicato-da-categoria\/","title":{"rendered":"Dia do escriv\u00e3o foi comemorado apenas na lembran\u00e7a do sindicato da categoria"},"content":{"rendered":"<p>&nbsp;<\/p>\n<p><img loading=\"lazy\" class=\"\" src=\"https:\/\/www.correiodascidades.com.br\/v1\/wp-content\/uploads\/2022\/11\/baixados-escrivao.jpg\" width=\"600\" height=\"656\" \/><\/p>\n<p>A referida data foi escolhida para homenagear o nascimento do jurista e escritor Ruy Barbosa, devido a sua liga\u00e7\u00e3o com a profiss\u00e3o dos escriv\u00e3es.<\/p>\n<p>O sindicato (SIDPOC) informa que tem lutado pela valoriza\u00e7\u00e3o da categoria, buscando melhores condi\u00e7\u00f5es de trabalho e, sobretudo, a justa valoriza\u00e7\u00e3o atrav\u00e9s do sal\u00e1rio de n\u00edvel superior.<\/p>\n","protected":false},"excerpt":{"rendered":"<p>&nbsp; A referida data foi escolhida para homenagear o nascimento do jurista e escritor Ruy Barbosa, devido a sua liga\u00e7\u00e3o com a profiss\u00e3o dos escriv\u00e3es. O sindicato (SIDPOC) informa que tem lutado pela valoriza\u00e7\u00e3o da categoria, buscando melhores condi\u00e7\u00f5es de trabalho e, sobretudo, a justa valoriza\u00e7\u00e3o atrav\u00e9s do sal\u00e1rio de n\u00edvel superior.<\/p>\n","protected":false},"author":3,"featured_media":1233,"comment_status":"closed","ping_status":"closed","sticky":false,"template":"","format":"standard","meta":{"_links_to":"","_links_to_target":""},"categories":[2],"tags":[],"_links":{"self":[{"href":"https:\/\/www.correiodascidades.com.br\/v1\/wp-json\/wp\/v2\/posts\/1232"}],"collection":[{"href":"https:\/\/www.correiodascidades.com.br\/v1\/wp-json\/wp\/v2\/posts"}],"about":[{"href":"https:\/\/www.correiodascidades.com.br\/v1\/wp-json\/wp\/v2\/types\/post"}],"author":[{"embeddable":true,"href":"https:\/\/www.correiodascidades.com.br\/v1\/wp-json\/wp\/v2\/users\/3"}],"replies":[{"embeddable":true,"href":"https:\/\/www.correiodascidades.com.br\/v1\/wp-json\/wp\/v2\/comments?post=1232"}],"version-history":[{"count":1,"href":"https:\/\/www.correiodascidades.com.br\/v1\/wp-json\/wp\/v2\/posts\/1232\/revisions"}],"predecessor-version":[{"id":1234,"href":"https:\/\/www.correiodascidades.com.br\/v1\/wp-json\/wp\/v2\/posts\/1232\/revisions\/1234"}],"wp:featuredmedia":[{"embeddable":true,"href":"https:\/\/www.correiodascidades.com.br\/v1\/wp-json\/wp\/v2\/media\/1233"}],"wp:attachment":[{"href":"https:\/\/www.correiodascidades.com.br\/v1\/wp-json\/wp\/v2\/media?parent=1232"}],"wp:term":[{"taxonomy":"category","embeddable":true,"href":"https:\/\/www.correiodascidades.com.br\/v1\/wp-json\/wp\/v2\/categories?post=1232"},{"taxonomy":"post_tag","embeddable":true,"href":"https:\/\/www.correiodascidades.com.br\/v1\/wp-json\/wp\/v2\/tags?post=1232"}],"curies":[{"name":"wp","href":"https:\/\/api.w.org\/{rel}","templated":true}]}}