{"id":1235,"date":"2022-11-05T18:34:34","date_gmt":"2022-11-05T21:34:34","guid":{"rendered":"https:\/\/www.correiodascidades.com.br\/v1\/?p=1235"},"modified":"2022-11-05T18:35:43","modified_gmt":"2022-11-05T21:35:43","slug":"mau-tempo-mantem-suspensa-a-travessia-salvador-mar-grande-linha-morro-de-sao-paulo-e-feita-com-conexao","status":"publish","type":"post","link":"https:\/\/www.correiodascidades.com.br\/v1\/2022\/11\/05\/mau-tempo-mantem-suspensa-a-travessia-salvador-mar-grande-linha-morro-de-sao-paulo-e-feita-com-conexao\/","title":{"rendered":"Mau tempo mant\u00e9m suspensa a Travessia Salvador-Mar Grande; linha Morro de S\u00e3o Paulo \u00e9 feita com conex\u00e3o."},"content":{"rendered":"<p>&nbsp;<\/p>\n<p><img src=\"https:\/\/www.correiodascidades.com.br\/v1\/wp-content\/uploads\/2022\/11\/catamara.morro_.17.11-_1_-esta-sim-gora-e1667684023135.jpeg\" \/><\/p>\n<p>&nbsp;<\/p>\n<p><span class=\"dropcap \">S<\/span>uspensa desde a \u00faltima quinta-feira (3), \u00e0s 17h30, a Travessia Salvador-Mar Grande continua sem operar neste s\u00e1bado (5), por conta ainda do mau tempo. Os fortes ventos e o mar agitado permanecem na Ba\u00eda de Todos-os-Santos, deixando as condi\u00e7\u00f5es de navega\u00e7\u00e3o desfavor\u00e1veis para o tr\u00e1fego seguro das embarca\u00e7\u00f5es. <!--more--><\/p>\n<p>A Astramab \u2013 Associa\u00e7\u00e3o dos Transportadores Mar\u00edtimos da Bahia informa que n\u00e3o existe, at\u00e9 o momento, previs\u00e3o sobre a retomada das opera\u00e7\u00f5es.<\/p>\n<p>Ainda por conta do mau tempo, as escunas de turismo que fazem o Passeio \u00e0s Ilhas da Ba\u00eda de Todos-os-Santos tamb\u00e9m n\u00e3o operaram hoje.<\/p>\n<h3><span class=\"highlight\">Travessia Salvador-Morro de S\u00e3o Paulo opera com conex\u00e3o<\/span><\/h3>\n<p>Para a os usu\u00e1rios que pretendem viajar para o Morro de S\u00e3o Paulo, a Astramab informa que as viagens v\u00e3o continuar sendo feitas com conex\u00e3o na cidade de Itaparica, na Ilha de Itaparica, ou em Bom Despacho, neste caso atrav\u00e9s do Sistema Ferry-boat.<\/p>\n<p>Com conex\u00e3o em Itaparica, os catamar\u00e3s partem normalmente do Terminal N\u00e1utico, atracam no terminal mar\u00edtimo de Itaparica, onde os passageiros seguem de \u00f4nibus dos operadores at\u00e9 a Ponta do Curral, em Valen\u00e7a, e fazem a pequena travessia em lanchas r\u00e1pidas at\u00e9 o Morro.<\/p>\n<p>J\u00e1 com a conex\u00e3o ocorrendo em Bom Despacho, os passageiros s\u00e3o transportados pelo Ferry-boat e fazem o mesmo roteiro em \u00f4nibus de Bom Despacho at\u00e9 a Ponta do Curral e da\u00ed at\u00e9 o Morro. O percurso da viagem, quando feita com conex\u00e3o, dura 3h20 (uma hora a mais em rela\u00e7\u00e3o \u00e0 viagem direta). Os hor\u00e1rios s\u00e3o, saindo de Salvador: 9h, 10h30, 13h e 14h30. Do Morro de S\u00e3o Paulo, 9h, 11h30, 14h e 15h.<\/p>\n","protected":false},"excerpt":{"rendered":"<p>&nbsp; &nbsp; Suspensa desde a \u00faltima quinta-feira (3), \u00e0s 17h30, a Travessia Salvador-Mar Grande continua sem operar neste s\u00e1bado (5), por conta ainda do mau tempo. Os fortes ventos e o mar agitado permanecem na Ba\u00eda de Todos-os-Santos, deixando as condi\u00e7\u00f5es de navega\u00e7\u00e3o desfavor\u00e1veis para o tr\u00e1fego seguro das embarca\u00e7\u00f5es.<\/p>\n","protected":false},"author":3,"featured_media":1236,"comment_status":"closed","ping_status":"closed","sticky":false,"template":"","format":"standard","meta":{"_links_to":"","_links_to_target":""},"categories":[2],"tags":[],"_links":{"self":[{"href":"https:\/\/www.correiodascidades.com.br\/v1\/wp-json\/wp\/v2\/posts\/1235"}],"collection":[{"href":"https:\/\/www.correiodascidades.com.br\/v1\/wp-json\/wp\/v2\/posts"}],"about":[{"href":"https:\/\/www.correiodascidades.com.br\/v1\/wp-json\/wp\/v2\/types\/post"}],"author":[{"embeddable":true,"href":"https:\/\/www.correiodascidades.com.br\/v1\/wp-json\/wp\/v2\/users\/3"}],"replies":[{"embeddable":true,"href":"https:\/\/www.correiodascidades.com.br\/v1\/wp-json\/wp\/v2\/comments?post=1235"}],"version-history":[{"count":3,"href":"https:\/\/www.correiodascidades.com.br\/v1\/wp-json\/wp\/v2\/posts\/1235\/revisions"}],"predecessor-version":[{"id":1239,"href":"https:\/\/www.correiodascidades.com.br\/v1\/wp-json\/wp\/v2\/posts\/1235\/revisions\/1239"}],"wp:featuredmedia":[{"embeddable":true,"href":"https:\/\/www.correiodascidades.com.br\/v1\/wp-json\/wp\/v2\/media\/1236"}],"wp:attachment":[{"href":"https:\/\/www.correiodascidades.com.br\/v1\/wp-json\/wp\/v2\/media?parent=1235"}],"wp:term":[{"taxonomy":"category","embeddable":true,"href":"https:\/\/www.correiodascidades.com.br\/v1\/wp-json\/wp\/v2\/categories?post=1235"},{"taxonomy":"post_tag","embeddable":true,"href":"https:\/\/www.correiodascidades.com.br\/v1\/wp-json\/wp\/v2\/tags?post=1235"}],"curies":[{"name":"wp","href":"https:\/\/api.w.org\/{rel}","templated":true}]}}