{"id":12423,"date":"2024-09-16T03:34:29","date_gmt":"2024-09-16T06:34:29","guid":{"rendered":"https:\/\/www.correiodascidades.com.br\/v1\/?p=12423"},"modified":"2024-09-16T03:34:29","modified_gmt":"2024-09-16T06:34:29","slug":"datena-da-cadeirada-em-marcal-no-debate-a-prefeitura-de-sp-veja-video","status":"publish","type":"post","link":"https:\/\/www.correiodascidades.com.br\/v1\/2024\/09\/16\/datena-da-cadeirada-em-marcal-no-debate-a-prefeitura-de-sp-veja-video\/","title":{"rendered":"Datena d\u00e1 cadeirada em Mar\u00e7al no debate \u00e0 Prefeitura de SP; veja v\u00eddeo"},"content":{"rendered":"<p data-t=\"{&quot;n&quot;:&quot;blueLinks&quot;}\"><em>Quer se manter informado, ter acesso a mais de 60 colunistas e reportagens exclusivas?<a href=\"https:\/\/assine.estadao.com.br\/\" target=\"_blank\" rel=\"noopener\" data-t=\"{&quot;n&quot;:&quot;destination&quot;,&quot;t&quot;:13,&quot;b&quot;:1,&quot;c.t&quot;:7}\">Assine o Estad\u00e3o aqui!<\/a><\/em><\/p>\n<p data-t=\"{&quot;n&quot;:&quot;blueLinks&quot;}\">O debate da TV Cultura com candidatos \u00e0\u00a0<b>Prefeitura de S\u00e3o Paulo<\/b>\u00a0realizado neste domingo, 15, \u00e0s 22h, tinha regras r\u00edgidas para evitar ataques em insultos. Apesar de o encontro iniciar com discuss\u00e3o sobre problemas da cidade, o embate direto levou \u00e0s primeiras acusa\u00e7\u00f5es entre candidatos. O clima de tens\u00e3o chegou ao \u00e1pice quando, ap\u00f3s ser insultado por Pablo Mar\u00e7al, o cadidato do PSDB Jos\u00e9 Luiz Datena partiu para cima do advers\u00e1rio e o agrediu com uma cadeira. A transmiss\u00e3o do debate teve que ser interrompida.<\/p>\n<div class=\"mm_conteudo blog-multimidia foto\">\n<div class=\"article-image-slot image-slot-placeholder\" data-doc-id=\"cms\/api\/amp\/image\/AA1qD6Xr\">\n<div class=\"article-image-slot\">\n<div class=\"article-image-container\" data-t=\"{&quot;n&quot;:&quot;OpenModal&quot;,&quot;t&quot;:13,&quot;b&quot;:8,&quot;c.i&quot;:&quot;AA1qCpxT&quot;,&quot;c.l&quot;:false,&quot;c.t&quot;:13,&quot;c.v&quot;:&quot;news&quot;,&quot;c.c&quot;:&quot;newsbrazil&quot;,&quot;c.b&quot;:&quot;Estad\u00e3o&quot;,&quot;c.bi&quot;:&quot;BB6s5Un&quot;,&quot;c.hl&quot;:&quot;Datena d\u00e1 cadeirada em Mar\u00e7al no debate \u00e0 Prefeitura de SP; veja v\u00eddeo&quot;}\" data-test-id=\"AA1qD6Xr\">\n<div><\/div>\n<p><button class=\"article-image-height-wrapper expandable article-image-height-wrapper-new\" data-customhandled=\"true\" data-t=\"{&quot;n&quot;:&quot;destination&quot;,&quot;b&quot;:1,&quot;c.i&quot;:&quot;AA1qCpxT&quot;,&quot;c.l&quot;:false,&quot;c.t&quot;:13,&quot;c.v&quot;:&quot;news&quot;,&quot;c.c&quot;:&quot;newsbrazil&quot;,&quot;c.b&quot;:&quot;Estad\u00e3o&quot;,&quot;c.bi&quot;:&quot;BB6s5Un&quot;,&quot;c.hl&quot;:&quot;Datena d\u00e1 cadeirada em Mar\u00e7al no debate \u00e0 Prefeitura de SP; veja v\u00eddeo&quot;}\"><img class=\"article-image article-image-ux-impr article-image-new expandable\" title=\"Datena agride Mar\u00e7al em debate na TV Cultura Foto: Reprodu\u00e7\u00e3o TV Cultura\" src=\"https:\/\/img-s-msn-com.akamaized.net\/tenant\/amp\/entityid\/AA1qD6Xr.img?w=710&amp;h=379&amp;m=6\" alt=\"Datena agride Mar\u00e7al em debate na TV Cultura Foto: Reprodu\u00e7\u00e3o TV Cultura\" \/><\/button><\/p>\n<div class=\"image-caption-container image-caption-container-ux-impr articlewc-image-caption-container \"><span class=\"image-caption\">Datena agride Mar\u00e7al em debate na TV Cultura Foto: Reprodu\u00e7\u00e3o TV Cultura<\/span><\/div>\n<\/div>\n<\/div>\n<\/div>\n<\/div>\n<p class=\"continue-read-break\" data-t=\"{&quot;n&quot;:&quot;blueLinks&quot;}\">Na volta do intervalo, o apresentador do programa, jornalista Le\u00e3o Serva, anunciou que por conta da agress\u00e3o, de acordo com as regras pr\u00e9-estabelecidas, Datena foi expulso do programa. Alegando n\u00e3o estar passando bem, Mar\u00e7al abandonou o programa. Os demais candidatos seguiram no programa.<\/p>\n","protected":false},"excerpt":{"rendered":"<p>Quer se manter informado, ter acesso a mais de 60 colunistas e reportagens exclusivas?Assine o Estad\u00e3o aqui! O debate da TV Cultura com candidatos \u00e0\u00a0Prefeitura de S\u00e3o Paulo\u00a0realizado neste domingo, 15, \u00e0s 22h, tinha regras r\u00edgidas para evitar ataques em insultos. Apesar de o encontro iniciar com discuss\u00e3o sobre problemas da cidade, o embate direto [&hellip;]<\/p>\n","protected":false},"author":3,"featured_media":12424,"comment_status":"closed","ping_status":"closed","sticky":false,"template":"","format":"standard","meta":{"_links_to":"","_links_to_target":""},"categories":[10],"tags":[],"_links":{"self":[{"href":"https:\/\/www.correiodascidades.com.br\/v1\/wp-json\/wp\/v2\/posts\/12423"}],"collection":[{"href":"https:\/\/www.correiodascidades.com.br\/v1\/wp-json\/wp\/v2\/posts"}],"about":[{"href":"https:\/\/www.correiodascidades.com.br\/v1\/wp-json\/wp\/v2\/types\/post"}],"author":[{"embeddable":true,"href":"https:\/\/www.correiodascidades.com.br\/v1\/wp-json\/wp\/v2\/users\/3"}],"replies":[{"embeddable":true,"href":"https:\/\/www.correiodascidades.com.br\/v1\/wp-json\/wp\/v2\/comments?post=12423"}],"version-history":[{"count":1,"href":"https:\/\/www.correiodascidades.com.br\/v1\/wp-json\/wp\/v2\/posts\/12423\/revisions"}],"predecessor-version":[{"id":12425,"href":"https:\/\/www.correiodascidades.com.br\/v1\/wp-json\/wp\/v2\/posts\/12423\/revisions\/12425"}],"wp:featuredmedia":[{"embeddable":true,"href":"https:\/\/www.correiodascidades.com.br\/v1\/wp-json\/wp\/v2\/media\/12424"}],"wp:attachment":[{"href":"https:\/\/www.correiodascidades.com.br\/v1\/wp-json\/wp\/v2\/media?parent=12423"}],"wp:term":[{"taxonomy":"category","embeddable":true,"href":"https:\/\/www.correiodascidades.com.br\/v1\/wp-json\/wp\/v2\/categories?post=12423"},{"taxonomy":"post_tag","embeddable":true,"href":"https:\/\/www.correiodascidades.com.br\/v1\/wp-json\/wp\/v2\/tags?post=12423"}],"curies":[{"name":"wp","href":"https:\/\/api.w.org\/{rel}","templated":true}]}}