{"id":12427,"date":"2024-09-16T11:46:22","date_gmt":"2024-09-16T14:46:22","guid":{"rendered":"https:\/\/www.correiodascidades.com.br\/v1\/?p=12427"},"modified":"2024-09-16T11:46:22","modified_gmt":"2024-09-16T14:46:22","slug":"ilheus-recebe-pela-primeira-vez-a-11a-etapa-do-circuito-brasileiro-de-futevolei","status":"publish","type":"post","link":"https:\/\/www.correiodascidades.com.br\/v1\/2024\/09\/16\/ilheus-recebe-pela-primeira-vez-a-11a-etapa-do-circuito-brasileiro-de-futevolei\/","title":{"rendered":"Ilh\u00e9us Recebe pela Primeira Vez a 11\u00aa Etapa do Circuito Brasileiro de Futev\u00f4lei"},"content":{"rendered":"<p><img src=\"https:\/\/www.correiodascidades.com.br\/v1\/wp-content\/uploads\/2024\/09\/a851f7d3-1af1-4f89-8a3e-6aafc7125846.jpg\" \/><\/p>\n<p>Atletas de alto n\u00edvel trouxeram uma performance espetacular, com destaque para os representantes locais. A dupla Lucas e Rondy, de Ilh\u00e9us, se destacou ao brilhar no qualify, garantindo sua classifica\u00e7\u00e3o para competir na categoria profissional, mostrando o talento da cidade no cen\u00e1rio nacional. Al\u00e9m disso, Preto M\u00e1gico, outro ilheense em ascens\u00e3o, conquistou os olhares do p\u00fablico e da cr\u00edtica com sua habilidade nas quadras, consolidando-se como uma das grandes promessas do futev\u00f4lei brasileiro.<\/p>\n<p>O sucesso do evento tamb\u00e9m \u00e9 atribu\u00eddo \u00e0 excelente organiza\u00e7\u00e3o do CT M10, sob o comando de Mauricinho, em parceria com o CBFut e o especialista em marketing e eventos Paulo Frank. Juntos, proporcionaram uma etapa hist\u00f3rica para o esporte no interior do Brasil. A execu\u00e7\u00e3o impec\u00e1vel contou ainda com o suporte de m\u00eddia e produ\u00e7\u00e3o da ag\u00eancia local Avoar Comunica\u00e7\u00e3o, liderada por Lorenna Caldas, que garantiu uma cobertura estrat\u00e9gica e engajadora para o p\u00fablico e os atletas. Essa etapa do Circuito Brasileiro de Futev\u00f4lei representa um marco para o esporte na cidade e promete abrir portas para novos eventos de grande relev\u00e2ncia no calend\u00e1rio esportivo nacional.<\/p>\n","protected":false},"excerpt":{"rendered":"<p>Atletas de alto n\u00edvel trouxeram uma performance espetacular, com destaque para os representantes locais. A dupla Lucas e Rondy, de Ilh\u00e9us, se destacou ao brilhar no qualify, garantindo sua classifica\u00e7\u00e3o para competir na categoria profissional, mostrando o talento da cidade no cen\u00e1rio nacional. Al\u00e9m disso, Preto M\u00e1gico, outro ilheense em ascens\u00e3o, conquistou os olhares do [&hellip;]<\/p>\n","protected":false},"author":3,"featured_media":12428,"comment_status":"closed","ping_status":"closed","sticky":false,"template":"","format":"standard","meta":{"_links_to":"","_links_to_target":""},"categories":[1],"tags":[],"_links":{"self":[{"href":"https:\/\/www.correiodascidades.com.br\/v1\/wp-json\/wp\/v2\/posts\/12427"}],"collection":[{"href":"https:\/\/www.correiodascidades.com.br\/v1\/wp-json\/wp\/v2\/posts"}],"about":[{"href":"https:\/\/www.correiodascidades.com.br\/v1\/wp-json\/wp\/v2\/types\/post"}],"author":[{"embeddable":true,"href":"https:\/\/www.correiodascidades.com.br\/v1\/wp-json\/wp\/v2\/users\/3"}],"replies":[{"embeddable":true,"href":"https:\/\/www.correiodascidades.com.br\/v1\/wp-json\/wp\/v2\/comments?post=12427"}],"version-history":[{"count":1,"href":"https:\/\/www.correiodascidades.com.br\/v1\/wp-json\/wp\/v2\/posts\/12427\/revisions"}],"predecessor-version":[{"id":12429,"href":"https:\/\/www.correiodascidades.com.br\/v1\/wp-json\/wp\/v2\/posts\/12427\/revisions\/12429"}],"wp:featuredmedia":[{"embeddable":true,"href":"https:\/\/www.correiodascidades.com.br\/v1\/wp-json\/wp\/v2\/media\/12428"}],"wp:attachment":[{"href":"https:\/\/www.correiodascidades.com.br\/v1\/wp-json\/wp\/v2\/media?parent=12427"}],"wp:term":[{"taxonomy":"category","embeddable":true,"href":"https:\/\/www.correiodascidades.com.br\/v1\/wp-json\/wp\/v2\/categories?post=12427"},{"taxonomy":"post_tag","embeddable":true,"href":"https:\/\/www.correiodascidades.com.br\/v1\/wp-json\/wp\/v2\/tags?post=12427"}],"curies":[{"name":"wp","href":"https:\/\/api.w.org\/{rel}","templated":true}]}}