{"id":12430,"date":"2024-09-16T13:51:24","date_gmt":"2024-09-16T16:51:24","guid":{"rendered":"https:\/\/www.correiodascidades.com.br\/v1\/?p=12430"},"modified":"2024-09-16T13:51:24","modified_gmt":"2024-09-16T16:51:24","slug":"ilheus-um-carro-foi-guinchado-no-centro-por-estar-em-local-irregular","status":"publish","type":"post","link":"https:\/\/www.correiodascidades.com.br\/v1\/2024\/09\/16\/ilheus-um-carro-foi-guinchado-no-centro-por-estar-em-local-irregular\/","title":{"rendered":"ILH\u00c9US: Um carro foi guinchado no centro por estar em local irregular"},"content":{"rendered":"<p><img src=\"https:\/\/www.correiodascidades.com.br\/v1\/wp-content\/uploads\/2024\/09\/a4716372-aa4a-4358-b7a5-327df406bc38.jpeg\" \/><\/p>\n<p>De acordo com informa\u00e7\u00f5es da Companhia 68 que tem como Subcomandante de \u00e1rea o oficial Malherb, o carro estava estacionado na entrada da rua prado Valadares a rua da antiga Secret\u00e1ria da Fazenda.<\/p>\n<p>O referido carro um Fiat Estrada de placa policial &#8211; RPU 0H79, estava em um local dificultando a passagem de pedrestes assim sendo n\u00e3o restou nenhuma outra a\u00e7\u00e3o se n\u00e3o ser guinchado pelo DETRAN para o p\u00e1tio da institui\u00e7\u00e3o.<\/p>\n","protected":false},"excerpt":{"rendered":"<p>De acordo com informa\u00e7\u00f5es da Companhia 68 que tem como Subcomandante de \u00e1rea o oficial Malherb, o carro estava estacionado na entrada da rua prado Valadares a rua da antiga Secret\u00e1ria da Fazenda. O referido carro um Fiat Estrada de placa policial &#8211; RPU 0H79, estava em um local dificultando a passagem de pedrestes assim [&hellip;]<\/p>\n","protected":false},"author":3,"featured_media":12431,"comment_status":"closed","ping_status":"closed","sticky":false,"template":"","format":"standard","meta":{"_links_to":"","_links_to_target":""},"categories":[1],"tags":[],"_links":{"self":[{"href":"https:\/\/www.correiodascidades.com.br\/v1\/wp-json\/wp\/v2\/posts\/12430"}],"collection":[{"href":"https:\/\/www.correiodascidades.com.br\/v1\/wp-json\/wp\/v2\/posts"}],"about":[{"href":"https:\/\/www.correiodascidades.com.br\/v1\/wp-json\/wp\/v2\/types\/post"}],"author":[{"embeddable":true,"href":"https:\/\/www.correiodascidades.com.br\/v1\/wp-json\/wp\/v2\/users\/3"}],"replies":[{"embeddable":true,"href":"https:\/\/www.correiodascidades.com.br\/v1\/wp-json\/wp\/v2\/comments?post=12430"}],"version-history":[{"count":1,"href":"https:\/\/www.correiodascidades.com.br\/v1\/wp-json\/wp\/v2\/posts\/12430\/revisions"}],"predecessor-version":[{"id":12432,"href":"https:\/\/www.correiodascidades.com.br\/v1\/wp-json\/wp\/v2\/posts\/12430\/revisions\/12432"}],"wp:featuredmedia":[{"embeddable":true,"href":"https:\/\/www.correiodascidades.com.br\/v1\/wp-json\/wp\/v2\/media\/12431"}],"wp:attachment":[{"href":"https:\/\/www.correiodascidades.com.br\/v1\/wp-json\/wp\/v2\/media?parent=12430"}],"wp:term":[{"taxonomy":"category","embeddable":true,"href":"https:\/\/www.correiodascidades.com.br\/v1\/wp-json\/wp\/v2\/categories?post=12430"},{"taxonomy":"post_tag","embeddable":true,"href":"https:\/\/www.correiodascidades.com.br\/v1\/wp-json\/wp\/v2\/tags?post=12430"}],"curies":[{"name":"wp","href":"https:\/\/api.w.org\/{rel}","templated":true}]}}