{"id":1251,"date":"2022-11-06T14:09:19","date_gmt":"2022-11-06T17:09:19","guid":{"rendered":"https:\/\/www.correiodascidades.com.br\/v1\/?p=1251"},"modified":"2022-11-06T14:09:19","modified_gmt":"2022-11-06T17:09:19","slug":"apos-titulo-abel-ferreira-faz-analise-e-toma-importante-decisao-sobre-endrick","status":"publish","type":"post","link":"https:\/\/www.correiodascidades.com.br\/v1\/2022\/11\/06\/apos-titulo-abel-ferreira-faz-analise-e-toma-importante-decisao-sobre-endrick\/","title":{"rendered":"Ap\u00f3s t\u00edtulo, Abel Ferreira faz \u2018an\u00e1lise\u2019 e toma importante decis\u00e3o sobre Endrick"},"content":{"rendered":"<p data-t=\"{&quot;n&quot;:&quot;blueLinks&quot;}\"><img loading=\"lazy\" class=\"\" src=\"https:\/\/www.correiodascidades.com.br\/v1\/wp-content\/uploads\/2022\/11\/FgzolvGXgAEsKQa-salva.jpg\" width=\"597\" height=\"423\" \/><\/p>\n<p data-t=\"{&quot;n&quot;:&quot;blueLinks&quot;}\">Partida acontecer\u00e1 neste domingo, \u00e0s 18h30<\/p>\n<p data-t=\"{&quot;n&quot;:&quot;blueLinks&quot;}\">Com apenas 16 anos, o atacante\u00a0<strong>Endrick j\u00e1 virou a grande sensa\u00e7\u00e3o do futebol brasileiro, estando na mira de grandes clubes europeus<\/strong>, como Paris Saint Germain, Real Madrid e Manchester City. Na \u00faltima partida do\u00a0<a tabindex=\"0\" href=\"https:\/\/br.bolavip.com\/palmeiras\/Nome-que-surge-Pascoal-expoe-bastidor-do-Palmeiras-e-entrega-meia-de-ligacao-que-pode-ser-contratado-para-vaga-de-Scarpa-20221104-0167.html\" target=\"_blank\" rel=\"noopener\" data-t=\"{&quot;n&quot;:&quot;destination&quot;,&quot;t&quot;:13,&quot;b&quot;:1,&quot;c.t&quot;:7}\">Palmeiras<\/a>, contra o Fortaleza, o garoto foi escalado como titular e foi \u00e0s redes. Ele j\u00e1 havia marcado duas vezes tamb\u00e9m, ap\u00f3s sair do banco de reservas, contra o Atl\u00e9tico Paranaense.<\/p>\n<p data-t=\"{&quot;n&quot;:&quot;blueLinks&quot;}\">Mesmo com o t\u00edtulo do Campeonato Brasileiro assegurado, o treinador Abel Ferreira continua mandando \u00e0 campo o que tem de melhor, e \u00e9 claro que\u00a0<a tabindex=\"0\" href=\"https:\/\/www.antenadosnofutebol.com.br\/times\/vejo-muitos-de-voces-comentando-leila-solta-o-verbo-e-manda-a-real-sobre-saida-de-endrick-do-palmeiras-30512-20221101-ANF-30512.html\" target=\"_blank\" rel=\"noopener\" data-t=\"{&quot;n&quot;:&quot;destination&quot;,&quot;t&quot;:13,&quot;b&quot;:1,&quot;c.t&quot;:7}\">Endrick<\/a>\u00a0faz parte disso.\u00a0<strong>Contra o Cuiab\u00e1, o atacante deve voltar a figurar entre os titulares, para del\u00edrio dos torcedores palmeirenses que moram no Mato Grosso ou no Mato Grosso do Sul,<\/strong>\u00a0j\u00e1 que a partida ser\u00e1 realizada na Arena Pantanal. A possibilidade de ver a j\u00f3ia do Verd\u00e3o ao vivo \u00e9 um atrativo gigante para a partida.<\/p>\n","protected":false},"excerpt":{"rendered":"<p>Partida acontecer\u00e1 neste domingo, \u00e0s 18h30 Com apenas 16 anos, o atacante\u00a0Endrick j\u00e1 virou a grande sensa\u00e7\u00e3o do futebol brasileiro, estando na mira de grandes clubes europeus, como Paris Saint Germain, Real Madrid e Manchester City. Na \u00faltima partida do\u00a0Palmeiras, contra o Fortaleza, o garoto foi escalado como titular e foi \u00e0s redes. Ele j\u00e1 [&hellip;]<\/p>\n","protected":false},"author":3,"featured_media":1252,"comment_status":"closed","ping_status":"closed","sticky":false,"template":"","format":"standard","meta":{"_links_to":"","_links_to_target":""},"categories":[2],"tags":[],"_links":{"self":[{"href":"https:\/\/www.correiodascidades.com.br\/v1\/wp-json\/wp\/v2\/posts\/1251"}],"collection":[{"href":"https:\/\/www.correiodascidades.com.br\/v1\/wp-json\/wp\/v2\/posts"}],"about":[{"href":"https:\/\/www.correiodascidades.com.br\/v1\/wp-json\/wp\/v2\/types\/post"}],"author":[{"embeddable":true,"href":"https:\/\/www.correiodascidades.com.br\/v1\/wp-json\/wp\/v2\/users\/3"}],"replies":[{"embeddable":true,"href":"https:\/\/www.correiodascidades.com.br\/v1\/wp-json\/wp\/v2\/comments?post=1251"}],"version-history":[{"count":1,"href":"https:\/\/www.correiodascidades.com.br\/v1\/wp-json\/wp\/v2\/posts\/1251\/revisions"}],"predecessor-version":[{"id":1253,"href":"https:\/\/www.correiodascidades.com.br\/v1\/wp-json\/wp\/v2\/posts\/1251\/revisions\/1253"}],"wp:featuredmedia":[{"embeddable":true,"href":"https:\/\/www.correiodascidades.com.br\/v1\/wp-json\/wp\/v2\/media\/1252"}],"wp:attachment":[{"href":"https:\/\/www.correiodascidades.com.br\/v1\/wp-json\/wp\/v2\/media?parent=1251"}],"wp:term":[{"taxonomy":"category","embeddable":true,"href":"https:\/\/www.correiodascidades.com.br\/v1\/wp-json\/wp\/v2\/categories?post=1251"},{"taxonomy":"post_tag","embeddable":true,"href":"https:\/\/www.correiodascidades.com.br\/v1\/wp-json\/wp\/v2\/tags?post=1251"}],"curies":[{"name":"wp","href":"https:\/\/api.w.org\/{rel}","templated":true}]}}