{"id":1261,"date":"2022-11-06T15:04:31","date_gmt":"2022-11-06T18:04:31","guid":{"rendered":"https:\/\/www.correiodascidades.com.br\/v1\/?p=1261"},"modified":"2022-11-06T15:06:34","modified_gmt":"2022-11-06T18:06:34","slug":"1261","status":"publish","type":"post","link":"https:\/\/www.correiodascidades.com.br\/v1\/2022\/11\/06\/1261\/","title":{"rendered":"Avi\u00e3o cai em lago na Tanz\u00e2nia Ao menos 19 pessoas morreram, informou o primeiro-ministro da Tanz\u00e2nia em uma coletiva de imprensa."},"content":{"rendered":"<div id=\"chunk-2cj5f\">\n<div class=\"mc-column content-text active-extra-styles \" data-block-type=\"unstyled\" data-block-weight=\"28\" data-block-id=\"3\">\n<p data-track-category=\"Link no Texto\" data-track-links=\"\">Informa\u00e7\u00f5es G1.<\/p>\n<p data-track-category=\"Link no Texto\" data-track-links=\"\"><img src=\"https:\/\/www.correiodascidades.com.br\/v1\/wp-content\/uploads\/2022\/11\/2022-11-06t131824z-538389803-rc2bgx9u8yxi-rtrmadp-3-tanzania-accident-esta-alva-e-sim..-e1667757751634.jpeg\" \/><\/p>\n<p class=\"content-text__container \" data-track-category=\"Link no Texto\" data-track-links=\"\">Um avi\u00e3o da companhia a\u00e9rea Precision Air caiu neste domingo (6) no Lago Victoria, na Tanz\u00e2nia, ao se aproximar do aeroporto de Bukoba, matando ao menos 19 pessoas.<\/p>\n<\/div>\n<\/div>\n<div class=\"wall protected-content\">\n<div id=\"chunk-4gmg2\">\n<div class=\"mc-column content-text active-extra-styles \" data-block-type=\"unstyled\" data-block-weight=\"15\" data-block-id=\"4\">\n<p class=\"content-text__container \" data-track-category=\"Link no Texto\" data-track-links=\"\">A informa\u00e7\u00e3o foi confirmada pelo primeiro-ministro da Tanz\u00e2nia, Kassim Majaliwa, em uma coletiva de imprensa. Inicialmente, segundo a ag\u00eancia de not\u00edcias Reuters, 26 das 43 pessoas a bordo haviam sido resgatadas com vida no local. Conseguimos salvar um grande n\u00famero de pessoas\u201d, disse o comandante da pol\u00edcia da prov\u00edncia de Kagera, William Mwampaghale, a jornalistas Imagens de v\u00eddeo e imagens que circularam nas redes sociais mostram o avi\u00e3o quase totalmente submerso, com apenas a cauda verde e marrom vis\u00edvel acima da linha d&#8217;\u00e1gua.A presidente da Tanz\u00e2nia, Samia Suluhu Hassan, pediu calma enquanto a opera\u00e7\u00e3o de resgate continua.Recebi com tristeza a not\u00edcia do acidente envolvendo o avi\u00e3o da Precision Air&#8221;, twittou. \u201cVamos ficar calmos neste momento em que os socorristas continuam com a miss\u00e3o de resgate enquanto rezam a Deus para nos ajudar\u201d.<\/p>\n<\/div>\n<\/div>\n<\/div>\n<p>&nbsp;<\/p>\n<p>&nbsp;<\/p>\n","protected":false},"excerpt":{"rendered":"<p>Informa\u00e7\u00f5es G1. Um avi\u00e3o da companhia a\u00e9rea Precision Air caiu neste domingo (6) no Lago Victoria, na Tanz\u00e2nia, ao se aproximar do aeroporto de Bukoba, matando ao menos 19 pessoas. A informa\u00e7\u00e3o foi confirmada pelo primeiro-ministro da Tanz\u00e2nia, Kassim Majaliwa, em uma coletiva de imprensa. Inicialmente, segundo a ag\u00eancia de not\u00edcias Reuters, 26 das 43 [&hellip;]<\/p>\n","protected":false},"author":3,"featured_media":1263,"comment_status":"closed","ping_status":"closed","sticky":false,"template":"","format":"standard","meta":{"_links_to":"","_links_to_target":""},"categories":[2],"tags":[],"_links":{"self":[{"href":"https:\/\/www.correiodascidades.com.br\/v1\/wp-json\/wp\/v2\/posts\/1261"}],"collection":[{"href":"https:\/\/www.correiodascidades.com.br\/v1\/wp-json\/wp\/v2\/posts"}],"about":[{"href":"https:\/\/www.correiodascidades.com.br\/v1\/wp-json\/wp\/v2\/types\/post"}],"author":[{"embeddable":true,"href":"https:\/\/www.correiodascidades.com.br\/v1\/wp-json\/wp\/v2\/users\/3"}],"replies":[{"embeddable":true,"href":"https:\/\/www.correiodascidades.com.br\/v1\/wp-json\/wp\/v2\/comments?post=1261"}],"version-history":[{"count":3,"href":"https:\/\/www.correiodascidades.com.br\/v1\/wp-json\/wp\/v2\/posts\/1261\/revisions"}],"predecessor-version":[{"id":1266,"href":"https:\/\/www.correiodascidades.com.br\/v1\/wp-json\/wp\/v2\/posts\/1261\/revisions\/1266"}],"wp:featuredmedia":[{"embeddable":true,"href":"https:\/\/www.correiodascidades.com.br\/v1\/wp-json\/wp\/v2\/media\/1263"}],"wp:attachment":[{"href":"https:\/\/www.correiodascidades.com.br\/v1\/wp-json\/wp\/v2\/media?parent=1261"}],"wp:term":[{"taxonomy":"category","embeddable":true,"href":"https:\/\/www.correiodascidades.com.br\/v1\/wp-json\/wp\/v2\/categories?post=1261"},{"taxonomy":"post_tag","embeddable":true,"href":"https:\/\/www.correiodascidades.com.br\/v1\/wp-json\/wp\/v2\/tags?post=1261"}],"curies":[{"name":"wp","href":"https:\/\/api.w.org\/{rel}","templated":true}]}}