{"id":1281,"date":"2022-11-07T17:31:27","date_gmt":"2022-11-07T20:31:27","guid":{"rendered":"https:\/\/www.correiodascidades.com.br\/v1\/?p=1281"},"modified":"2022-11-07T17:31:27","modified_gmt":"2022-11-07T20:31:27","slug":"ilheus-onibus-da-sao-miguel-derruba-ponto-parada-de-onibus","status":"publish","type":"post","link":"https:\/\/www.correiodascidades.com.br\/v1\/2022\/11\/07\/ilheus-onibus-da-sao-miguel-derruba-ponto-parada-de-onibus\/","title":{"rendered":"\u201cILH\u00c9US: \u00d4nibus da S\u00e3o Miguel derruba \u201cponto \u201c Parada de \u00f4nibus\u201d."},"content":{"rendered":"<p><img loading=\"lazy\" class=\"\" src=\"https:\/\/www.correiodascidades.com.br\/v1\/wp-content\/uploads\/2022\/11\/ponto-1-este-ponto-e1667852894420.jpg\" width=\"597\" height=\"1062\" \/><\/p>\n<p>Um \u00f4nibus da Transportes urbano S\u00e3o Miguel, que faz a linha centro sentido distritos da Zona Norte, ao passar pelo S\u00e3o Jos\u00e9 derrubou uma parada de \u00f4nibus existente na localidade. O fato aconteceu na tarde desta segunda feira (07), \u00e1s 17h.<\/p>\n<p>O referido transporte tocou no abrigo e o mesmo veio ao ch\u00e3o ficando l\u00e1 todo despeda\u00e7ado.<\/p>\n<p>A popula\u00e7\u00e3o que precisa dos poucos pontos existentes na cidade, agora ir\u00e1 ficar sem mais um. E neste local nem sempre tem um poste para a popula\u00e7\u00e3o aproveitar a sombra. Assim, sendo o lugarejo agora est\u00e1 com o ponto no ch\u00e3o e haver\u00e3o de ficar no sol e na chuva.<\/p>\n<p>&nbsp;<\/p>\n<p>&nbsp;<\/p>\n","protected":false},"excerpt":{"rendered":"<p>Um \u00f4nibus da Transportes urbano S\u00e3o Miguel, que faz a linha centro sentido distritos da Zona Norte, ao passar pelo S\u00e3o Jos\u00e9 derrubou uma parada de \u00f4nibus existente na localidade. O fato aconteceu na tarde desta segunda feira (07), \u00e1s 17h. O referido transporte tocou no abrigo e o mesmo veio ao ch\u00e3o ficando l\u00e1 [&hellip;]<\/p>\n","protected":false},"author":3,"featured_media":1282,"comment_status":"closed","ping_status":"closed","sticky":false,"template":"","format":"standard","meta":{"_links_to":"","_links_to_target":""},"categories":[2],"tags":[],"_links":{"self":[{"href":"https:\/\/www.correiodascidades.com.br\/v1\/wp-json\/wp\/v2\/posts\/1281"}],"collection":[{"href":"https:\/\/www.correiodascidades.com.br\/v1\/wp-json\/wp\/v2\/posts"}],"about":[{"href":"https:\/\/www.correiodascidades.com.br\/v1\/wp-json\/wp\/v2\/types\/post"}],"author":[{"embeddable":true,"href":"https:\/\/www.correiodascidades.com.br\/v1\/wp-json\/wp\/v2\/users\/3"}],"replies":[{"embeddable":true,"href":"https:\/\/www.correiodascidades.com.br\/v1\/wp-json\/wp\/v2\/comments?post=1281"}],"version-history":[{"count":1,"href":"https:\/\/www.correiodascidades.com.br\/v1\/wp-json\/wp\/v2\/posts\/1281\/revisions"}],"predecessor-version":[{"id":1285,"href":"https:\/\/www.correiodascidades.com.br\/v1\/wp-json\/wp\/v2\/posts\/1281\/revisions\/1285"}],"wp:featuredmedia":[{"embeddable":true,"href":"https:\/\/www.correiodascidades.com.br\/v1\/wp-json\/wp\/v2\/media\/1282"}],"wp:attachment":[{"href":"https:\/\/www.correiodascidades.com.br\/v1\/wp-json\/wp\/v2\/media?parent=1281"}],"wp:term":[{"taxonomy":"category","embeddable":true,"href":"https:\/\/www.correiodascidades.com.br\/v1\/wp-json\/wp\/v2\/categories?post=1281"},{"taxonomy":"post_tag","embeddable":true,"href":"https:\/\/www.correiodascidades.com.br\/v1\/wp-json\/wp\/v2\/tags?post=1281"}],"curies":[{"name":"wp","href":"https:\/\/api.w.org\/{rel}","templated":true}]}}