{"id":1287,"date":"2022-11-07T18:08:01","date_gmt":"2022-11-07T21:08:01","guid":{"rendered":"https:\/\/www.correiodascidades.com.br\/v1\/?p=1287"},"modified":"2022-11-07T18:15:49","modified_gmt":"2022-11-07T21:15:49","slug":"atencao-estas-doencas-garantem-aposentadoria-do-inss-e-voce-ainda-nao-sabe-veja-aqui","status":"publish","type":"post","link":"https:\/\/www.correiodascidades.com.br\/v1\/2022\/11\/07\/atencao-estas-doencas-garantem-aposentadoria-do-inss-e-voce-ainda-nao-sabe-veja-aqui\/","title":{"rendered":"Aten\u00e7\u00e3o! Estas doen\u00e7as garantem aposentadoria do INSS e voc\u00ea ainda n\u00e3o sabe; Veja aqui"},"content":{"rendered":"<div><img loading=\"lazy\" class=\"\" src=\"https:\/\/www.correiodascidades.com.br\/v1\/wp-content\/uploads\/2022\/11\/beneficio-em-analise-inss.jpg\" width=\"600\" height=\"398\" \/><\/div>\n<div>O segurado do Instituto Nacional do Seguro Social\u00a0<a href=\"https:\/\/www.redebrasilnews.com.br\/2022\/11\/pente-fino-do-inss-comecou-confira-como.html\" rel=\"nofollow\"><b>(INSS)<\/b><\/a> desconhece os muitos benef\u00edcios garantidos em casos espec\u00edficos. Voc\u00ea quer um exemplo? Existe uma lista de muitas doen\u00e7as que garantem a aposentadoria do INSS sem a necessidade de um per\u00edodo de car\u00eancia de 12 meses. Saiba exatamente o que s\u00e3o.<\/div>\n<p><!--more--><\/p>\n<p>&nbsp;<\/p>\n<p>Direitos previdenci\u00e1rios que devem ser garantidos aos segurados que atendam aos requisitos. Devido \u00e0 falta de informa\u00e7\u00e3o sobre o assunto, muitas pessoas perdem a oportunidade de contar com ajuda em momentos de extrema necessidade. Ent\u00e3o agora veja em quais casos voc\u00ea pode solicitar a aposentadoria por doen\u00e7a.<\/p>\n<p><b>Doen\u00e7as que garantem aposentadoria do INSS<\/b><\/p>\n<p>O nome do benef\u00edcio \u00e9 aposentadoria por invalidez permanente. Quando um segurado tem algumas doen\u00e7as, ele, mesmo ap\u00f3s um bom per\u00edodo de tratamento, n\u00e3o pode voltar \u00e0s atividades remuneradas.<\/p>\n<p>\u00c9 a mesma coisa que a aposentadoria por invalidez, como era chamado antes da mudan\u00e7a de nome.<\/p>\n<p>\u00c9 importante que o trabalhador prove que est\u00e1 completamente incapaz de voltar ao trabalho, ou seja, n\u00e3o h\u00e1 oportunidade de reabilita\u00e7\u00e3o. A evid\u00eancia de um estado de incapacidade \u00e9 atrav\u00e9s de um laudo m\u00e9dico pericial. As doen\u00e7as que vamos listar garantem a aposentadoria do INSS sem cumprir o per\u00edodo de car\u00eancias.<\/p>\n<p>&nbsp;<\/p>\n","protected":false},"excerpt":{"rendered":"<p>O segurado do Instituto Nacional do Seguro Social\u00a0(INSS) desconhece os muitos benef\u00edcios garantidos em casos espec\u00edficos. Voc\u00ea quer um exemplo? Existe uma lista de muitas doen\u00e7as que garantem a aposentadoria do INSS sem a necessidade de um per\u00edodo de car\u00eancia de 12 meses. Saiba exatamente o que s\u00e3o.<\/p>\n","protected":false},"author":3,"featured_media":1288,"comment_status":"closed","ping_status":"closed","sticky":false,"template":"","format":"standard","meta":{"_links_to":"","_links_to_target":""},"categories":[1],"tags":[],"_links":{"self":[{"href":"https:\/\/www.correiodascidades.com.br\/v1\/wp-json\/wp\/v2\/posts\/1287"}],"collection":[{"href":"https:\/\/www.correiodascidades.com.br\/v1\/wp-json\/wp\/v2\/posts"}],"about":[{"href":"https:\/\/www.correiodascidades.com.br\/v1\/wp-json\/wp\/v2\/types\/post"}],"author":[{"embeddable":true,"href":"https:\/\/www.correiodascidades.com.br\/v1\/wp-json\/wp\/v2\/users\/3"}],"replies":[{"embeddable":true,"href":"https:\/\/www.correiodascidades.com.br\/v1\/wp-json\/wp\/v2\/comments?post=1287"}],"version-history":[{"count":2,"href":"https:\/\/www.correiodascidades.com.br\/v1\/wp-json\/wp\/v2\/posts\/1287\/revisions"}],"predecessor-version":[{"id":1290,"href":"https:\/\/www.correiodascidades.com.br\/v1\/wp-json\/wp\/v2\/posts\/1287\/revisions\/1290"}],"wp:featuredmedia":[{"embeddable":true,"href":"https:\/\/www.correiodascidades.com.br\/v1\/wp-json\/wp\/v2\/media\/1288"}],"wp:attachment":[{"href":"https:\/\/www.correiodascidades.com.br\/v1\/wp-json\/wp\/v2\/media?parent=1287"}],"wp:term":[{"taxonomy":"category","embeddable":true,"href":"https:\/\/www.correiodascidades.com.br\/v1\/wp-json\/wp\/v2\/categories?post=1287"},{"taxonomy":"post_tag","embeddable":true,"href":"https:\/\/www.correiodascidades.com.br\/v1\/wp-json\/wp\/v2\/tags?post=1287"}],"curies":[{"name":"wp","href":"https:\/\/api.w.org\/{rel}","templated":true}]}}