{"id":1291,"date":"2022-11-07T21:42:59","date_gmt":"2022-11-08T00:42:59","guid":{"rendered":"https:\/\/www.correiodascidades.com.br\/v1\/?p=1291"},"modified":"2022-11-07T21:42:59","modified_gmt":"2022-11-08T00:42:59","slug":"programa-bolsa-familia-pode-voltar-a-ser-pago-em-2023-com-esta-medida-veja-detalhes","status":"publish","type":"post","link":"https:\/\/www.correiodascidades.com.br\/v1\/2022\/11\/07\/programa-bolsa-familia-pode-voltar-a-ser-pago-em-2023-com-esta-medida-veja-detalhes\/","title":{"rendered":"Programa Bolsa Fam\u00edlia pode voltar a ser PAGO em 2023 com est\u00e1 medida; Veja detalhes"},"content":{"rendered":"<div><img loading=\"lazy\" class=\"\" src=\"https:\/\/www.correiodascidades.com.br\/v1\/wp-content\/uploads\/2022\/11\/cbnfot101220203701-6474260.jpg\" width=\"607\" height=\"300\" \/><\/div>\n<div class=\"separator\">Bolsa Fam\u00edlia pode retomar a partir de 2023. Ap\u00f3s mais de um ano de intervalo n\u00e3o remunerado, o projeto social pode voltar ao cen\u00e1rio social do pa\u00eds. Pelo menos \u00e9 o que pol\u00edticos contr\u00e1rios ao presidente Jair Bolsonaro (PSL) est\u00e3o avaliando. Aliados do ex-presidente acreditam que Lula retomar\u00e1 o recurso no in\u00edcio de janeiro.<\/div>\n<p><!--more--><\/p>\n<div class=\"separator\">A ideia do PT \u00e9 n\u00e3o retomar o Bolsa Fam\u00edlia com valores antigos. Em entrevista ao portal de not\u00edcias UOL no \u00faltimo fim de semana, Lula disse que seu<\/div>\n<div>\n<div class=\"separator\">plano era mudar o nome do projeto, mas manter os US$ 600 reais pagos pela ajuda brasileira hoje. Para isso, os trabalhistas ter\u00e3o que vencer a elei\u00e7\u00e3o em outubro pr\u00f3ximo, e logo depois apontam para uma fonte de financiamento para os juros. O Bolsa Fam\u00edlia \u00e9 um programa social criado pelo ex-presidente Lula em seu primeiro mandato como presidente no in\u00edcio de 2000. O projeto fez transfer\u00eancias de renda em valores que variavam dependendo da situa\u00e7\u00e3o de cada fam\u00edlia.<\/div>\n<div>\n<div class=\"separator\">O interesse terminou oficialmente em outubro de 2021, quando come\u00e7ou a dar lugar \u00e0 ajuda brasileira prestada por Jair Bolsonaro.<\/div>\n<div class=\"separator\">Na entrevista ao UOL, Lula disse que mudar o nome do projeto pelo presidente Jair Bolsonaro foi &#8220;absurdo&#8221;. Ele tamb\u00e9m disse que ficaria com R$600, especificando que o n\u00edvel poderia estar sujeito a diferen\u00e7as dependendo do n\u00famero de membros que moram na mesma casa. No entanto, o ex-presidente n\u00e3o explicou exatamente como pretendia implementar.<\/div>\n<div>\n<div class=\"separator\">tal medida.<\/div>\n<div class=\"separator\">Aux\u00edlio x Bolsa Fam\u00edlia<\/div>\n<div class=\"separator\"><\/div>\n<div class=\"separator\">Bolsa Fam\u00edlia e Aux\u00edlio Brasil t\u00eam diferen\u00e7as al\u00e9m do nome. Segundo informa\u00e7\u00f5es do Minist\u00e9rio da Nacionalidade, h\u00e1 importantes contradi\u00e7\u00f5es nas estruturas dos dois programas.<\/div>\n<div>\n<div class=\"separator\">Bolsa Fam\u00edlia em outubro de 2021: 14,5 milh\u00f5es<\/div>\n<div class=\"separator\">Ajuda do Brasil em julho de 2022: 18,13 milh\u00f5es<\/div>\n<div class=\"separator\">A infla\u00e7\u00e3o deve ser considerada nesse contexto nesse per\u00edodo. Segundo dados da pesquisa da Funda\u00e7\u00e3o Get\u00falio Vargas (FGV), o aumento inflacion\u00e1rio corroeu o poder aquisitivo dos brasileiros nos \u00faltimos anos.\u00a0<ins class=\"adsbygoogle\" data-ad-client=\"ca-pub-4513397976540827\" data-ad-format=\"auto\" data-ad-slot=\"6256198963\" data-full-width-responsive=\"true\" data-adsbygoogle-status=\"done\" data-ad-status=\"filled\"><\/p>\n<div id=\"aswift_9_host\" tabindex=\"0\" title=\"Advertisement\" aria-label=\"Advertisement\"><\/div>\n<p><\/ins><\/div>\n<\/div>\n<\/div>\n<\/div>\n<\/div>\n","protected":false},"excerpt":{"rendered":"<p>Bolsa Fam\u00edlia pode retomar a partir de 2023. Ap\u00f3s mais de um ano de intervalo n\u00e3o remunerado, o projeto social pode voltar ao cen\u00e1rio social do pa\u00eds. Pelo menos \u00e9 o que pol\u00edticos contr\u00e1rios ao presidente Jair Bolsonaro (PSL) est\u00e3o avaliando. Aliados do ex-presidente acreditam que Lula retomar\u00e1 o recurso no in\u00edcio de janeiro.<\/p>\n","protected":false},"author":3,"featured_media":1292,"comment_status":"closed","ping_status":"closed","sticky":false,"template":"","format":"standard","meta":{"_links_to":"","_links_to_target":""},"categories":[3],"tags":[],"_links":{"self":[{"href":"https:\/\/www.correiodascidades.com.br\/v1\/wp-json\/wp\/v2\/posts\/1291"}],"collection":[{"href":"https:\/\/www.correiodascidades.com.br\/v1\/wp-json\/wp\/v2\/posts"}],"about":[{"href":"https:\/\/www.correiodascidades.com.br\/v1\/wp-json\/wp\/v2\/types\/post"}],"author":[{"embeddable":true,"href":"https:\/\/www.correiodascidades.com.br\/v1\/wp-json\/wp\/v2\/users\/3"}],"replies":[{"embeddable":true,"href":"https:\/\/www.correiodascidades.com.br\/v1\/wp-json\/wp\/v2\/comments?post=1291"}],"version-history":[{"count":1,"href":"https:\/\/www.correiodascidades.com.br\/v1\/wp-json\/wp\/v2\/posts\/1291\/revisions"}],"predecessor-version":[{"id":1293,"href":"https:\/\/www.correiodascidades.com.br\/v1\/wp-json\/wp\/v2\/posts\/1291\/revisions\/1293"}],"wp:featuredmedia":[{"embeddable":true,"href":"https:\/\/www.correiodascidades.com.br\/v1\/wp-json\/wp\/v2\/media\/1292"}],"wp:attachment":[{"href":"https:\/\/www.correiodascidades.com.br\/v1\/wp-json\/wp\/v2\/media?parent=1291"}],"wp:term":[{"taxonomy":"category","embeddable":true,"href":"https:\/\/www.correiodascidades.com.br\/v1\/wp-json\/wp\/v2\/categories?post=1291"},{"taxonomy":"post_tag","embeddable":true,"href":"https:\/\/www.correiodascidades.com.br\/v1\/wp-json\/wp\/v2\/tags?post=1291"}],"curies":[{"name":"wp","href":"https:\/\/api.w.org\/{rel}","templated":true}]}}