{"id":13115,"date":"2024-11-11T22:31:30","date_gmt":"2024-11-12T01:31:30","guid":{"rendered":"https:\/\/www.correiodascidades.com.br\/v1\/?p=13115"},"modified":"2024-11-12T06:35:43","modified_gmt":"2024-11-12T09:35:43","slug":"ilheus-vice-prefeita-eleita-falou-no-programa-de-luke-rei","status":"publish","type":"post","link":"https:\/\/www.correiodascidades.com.br\/v1\/2024\/11\/11\/ilheus-vice-prefeita-eleita-falou-no-programa-de-luke-rei\/","title":{"rendered":"Ilh\u00e9us: Vice Prefeita eleita falou no Programa de Luke Rei"},"content":{"rendered":"<p><img src=\"https:\/\/www.correiodascidades.com.br\/v1\/wp-content\/uploads\/2024\/11\/b3494e60-82c8-4436-a693-40b76f9695f7.jpeg\" \/><\/p>\n<p>Para uma grande legi\u00e3o de ouvintes que participaram, Dr\u00aa Vanessa Gedeon, disse que o governo que ela far\u00e1 parte, ser\u00e1 aliado com o prefeito eleito Valderico J\u00fanior, este vai ser o governo da transforma\u00e7\u00e3o. Vanessa disse, est\u00e1 confiante que juntos, Valderico e ela, far\u00e3o o melhor pelo povo de Ilh\u00e9us.<\/p>\n<p>O povo mandou suas sugest\u00f5es e coment\u00e1rios, sobretudo interroga\u00e7\u00f5es para a entrevistada.<\/p>\n<p>Respondendo ao povo ela disse: \u201chaveremos de honrar cada voto de cada pessoa dos quatros cantos onde andamos, e fizemos isso antes e depois de eleitos, fomos agradecer a diversas pessoas nos mais rec\u00f4nditos dos lugares\u201d. Ningu\u00e9m fez isso depois de eleito n\u00f3s estamos fazendo.<\/p>\n<p>Verificamos como est\u00e1 a cidade, e percebemos que est\u00e1 judiada. Por isso, nosso compromisso ser\u00e1 de cuidar n\u00e3o s\u00f3 do munic\u00edpio, mais do povo de modo em geral. Disse Vanessa Gedeon, Vice Prefeita eleita. <img loading=\"lazy\" class=\"alignnone size-medium wp-image-13117\" src=\"https:\/\/www.correiodascidades.com.br\/v1\/wp-content\/uploads\/2024\/11\/88cb3447-a4a0-41d9-b142-3b9e23e6d428-300x200.jpeg\" alt=\"\" width=\"300\" height=\"200\" srcset=\"https:\/\/www.correiodascidades.com.br\/v1\/wp-content\/uploads\/2024\/11\/88cb3447-a4a0-41d9-b142-3b9e23e6d428-300x200.jpeg 300w, https:\/\/www.correiodascidades.com.br\/v1\/wp-content\/uploads\/2024\/11\/88cb3447-a4a0-41d9-b142-3b9e23e6d428.jpeg 600w\" sizes=\"(max-width: 300px) 100vw, 300px\" \/><\/p>\n<p>Temos um novo projeto para Ilh\u00e9us, faremos a diferen\u00e7a se Deus quiser. Nosso compromisso \u00e9 de fazer o novo, \u00e9 de melhorar o que est\u00e1 ai.<\/p>\n<p>Perguntado sobre qual secretaria ocupar, ela afirmou que nada ainda est\u00e1 sublinhado para ningu\u00e9m, mas que no momento certo o povo iria ficar sabendo, pois, ningu\u00e9m foi nomeado ainda.<!--more--><\/p>\n<p>Sa\u00fade foi tamb\u00e9m o assunto em destaque, Vanessa fez men\u00e7\u00e3o de que o povo deve ter o cuidado merecido e que est\u00e1 seria uma das pastas de mais aten\u00e7\u00e3o do governo.<\/p>\n<p>Sobre sua vontade em ir para a Secretaria de Assist\u00eancia Social, se este era seu desejo, Vanessa ent\u00e3o afirmou: \u201cN\u00e3o estou cogitando para onde ir, se me for entregue a pasta serei grata e farei meu trabalho, entretanto, n\u00e3o \u00e9 hora de pedir nem cobrar, tudo est\u00e1 sendo tratado com o mais alto padr\u00e3o de entendimento deixa acontecer naturalmente, se tiver que ser ser\u00e1.\u201d questionada sobre a participa\u00e7\u00e3o do esposo Freede Gedeon que j\u00e1 foi politico de mandado na cidade, se este interveio na sua condi\u00e7\u00e3o de politica ela disse que n\u00e3o! &#8221; Constru\u00ed minha vida politica, claro que o ouvi, ele foi muito importante e esta sendo mais as decis\u00f5es sempre foram minhas e ele sempre me apoio e apoia em tudo que fa\u00e7o. (Amo meu marido), disse ela.<\/p>\n<p>A entrevista durou, uma hora, Vanessa atendeu todos os telefonemas, respondeu as pessoas, as perguntas foram diversas, educa\u00e7\u00e3o, escolas abandonadas, postos de sa\u00fade, infraestrutura, ningu\u00e9m ficou sem resposta, e ao final ela agradeceu as participa\u00e7\u00f5es e os votos creditados nas urnas.<\/p>\n<p>&nbsp;<\/p>\n","protected":false},"excerpt":{"rendered":"<p>Para uma grande legi\u00e3o de ouvintes que participaram, Dr\u00aa Vanessa Gedeon, disse que o governo que ela far\u00e1 parte, ser\u00e1 aliado com o prefeito eleito Valderico J\u00fanior, este vai ser o governo da transforma\u00e7\u00e3o. Vanessa disse, est\u00e1 confiante que juntos, Valderico e ela, far\u00e3o o melhor pelo povo de Ilh\u00e9us. O povo mandou suas sugest\u00f5es [&hellip;]<\/p>\n","protected":false},"author":3,"featured_media":13116,"comment_status":"closed","ping_status":"closed","sticky":false,"template":"","format":"standard","meta":{"_links_to":"","_links_to_target":""},"categories":[1],"tags":[],"_links":{"self":[{"href":"https:\/\/www.correiodascidades.com.br\/v1\/wp-json\/wp\/v2\/posts\/13115"}],"collection":[{"href":"https:\/\/www.correiodascidades.com.br\/v1\/wp-json\/wp\/v2\/posts"}],"about":[{"href":"https:\/\/www.correiodascidades.com.br\/v1\/wp-json\/wp\/v2\/types\/post"}],"author":[{"embeddable":true,"href":"https:\/\/www.correiodascidades.com.br\/v1\/wp-json\/wp\/v2\/users\/3"}],"replies":[{"embeddable":true,"href":"https:\/\/www.correiodascidades.com.br\/v1\/wp-json\/wp\/v2\/comments?post=13115"}],"version-history":[{"count":4,"href":"https:\/\/www.correiodascidades.com.br\/v1\/wp-json\/wp\/v2\/posts\/13115\/revisions"}],"predecessor-version":[{"id":13131,"href":"https:\/\/www.correiodascidades.com.br\/v1\/wp-json\/wp\/v2\/posts\/13115\/revisions\/13131"}],"wp:featuredmedia":[{"embeddable":true,"href":"https:\/\/www.correiodascidades.com.br\/v1\/wp-json\/wp\/v2\/media\/13116"}],"wp:attachment":[{"href":"https:\/\/www.correiodascidades.com.br\/v1\/wp-json\/wp\/v2\/media?parent=13115"}],"wp:term":[{"taxonomy":"category","embeddable":true,"href":"https:\/\/www.correiodascidades.com.br\/v1\/wp-json\/wp\/v2\/categories?post=13115"},{"taxonomy":"post_tag","embeddable":true,"href":"https:\/\/www.correiodascidades.com.br\/v1\/wp-json\/wp\/v2\/tags?post=13115"}],"curies":[{"name":"wp","href":"https:\/\/api.w.org\/{rel}","templated":true}]}}