{"id":1325,"date":"2022-11-08T23:08:15","date_gmt":"2022-11-09T02:08:15","guid":{"rendered":"https:\/\/www.correiodascidades.com.br\/v1\/?p=1325"},"modified":"2022-11-08T23:08:15","modified_gmt":"2022-11-09T02:08:15","slug":"homem-morre-soterrado-enquanto-trabalhava-em-construcao-no-sul-da-bahia","status":"publish","type":"post","link":"https:\/\/www.correiodascidades.com.br\/v1\/2022\/11\/08\/homem-morre-soterrado-enquanto-trabalhava-em-construcao-no-sul-da-bahia\/","title":{"rendered":"Homem morre soterrado enquanto trabalhava em constru\u00e7\u00e3o no sul da Bahia"},"content":{"rendered":"<div><img src=\"https:\/\/www.correiodascidades.com.br\/v1\/wp-content\/uploads\/2022\/11\/transferir-_1_-1-e1667959444989.jpg\" \/><\/div>\n<div><\/div>\n<div class=\"separator\">Um homem de 55 anos anos morreu soterrado enquanto trabalhava na constru\u00e7\u00e3o de um condom\u00ednio em Teixeira de Freitas, no sul da Bahia. O acidente aconteceu nesta segunda-feira (7), conforme informou a Pol\u00edcia Civil da cidade.<\/div>\n<p><!--more--><\/p>\n<div class=\"separator\">A v\u00edtima foi identificada como Dernevaldo Lopes de Almeida. Segundo testemunhas, o soterramento aconteceu no momento em que ele abriu um buraco no solo para colocar manilhas para escoar \u00e1gua. O Servi\u00e7o de Atendimento M\u00f3vel de Urg\u00eancia (Samu) foi chamado, mas j\u00e1 encontrou Dernevaldo morto no local. As pol\u00edcias Civil e Militar tamb\u00e9m estiveram no local. (G1)<\/div>\n","protected":false},"excerpt":{"rendered":"<p>Um homem de 55 anos anos morreu soterrado enquanto trabalhava na constru\u00e7\u00e3o de um condom\u00ednio em Teixeira de Freitas, no sul da Bahia. O acidente aconteceu nesta segunda-feira (7), conforme informou a Pol\u00edcia Civil da cidade.<\/p>\n","protected":false},"author":3,"featured_media":1326,"comment_status":"closed","ping_status":"closed","sticky":false,"template":"","format":"standard","meta":{"_links_to":"","_links_to_target":""},"categories":[2],"tags":[],"_links":{"self":[{"href":"https:\/\/www.correiodascidades.com.br\/v1\/wp-json\/wp\/v2\/posts\/1325"}],"collection":[{"href":"https:\/\/www.correiodascidades.com.br\/v1\/wp-json\/wp\/v2\/posts"}],"about":[{"href":"https:\/\/www.correiodascidades.com.br\/v1\/wp-json\/wp\/v2\/types\/post"}],"author":[{"embeddable":true,"href":"https:\/\/www.correiodascidades.com.br\/v1\/wp-json\/wp\/v2\/users\/3"}],"replies":[{"embeddable":true,"href":"https:\/\/www.correiodascidades.com.br\/v1\/wp-json\/wp\/v2\/comments?post=1325"}],"version-history":[{"count":1,"href":"https:\/\/www.correiodascidades.com.br\/v1\/wp-json\/wp\/v2\/posts\/1325\/revisions"}],"predecessor-version":[{"id":1327,"href":"https:\/\/www.correiodascidades.com.br\/v1\/wp-json\/wp\/v2\/posts\/1325\/revisions\/1327"}],"wp:featuredmedia":[{"embeddable":true,"href":"https:\/\/www.correiodascidades.com.br\/v1\/wp-json\/wp\/v2\/media\/1326"}],"wp:attachment":[{"href":"https:\/\/www.correiodascidades.com.br\/v1\/wp-json\/wp\/v2\/media?parent=1325"}],"wp:term":[{"taxonomy":"category","embeddable":true,"href":"https:\/\/www.correiodascidades.com.br\/v1\/wp-json\/wp\/v2\/categories?post=1325"},{"taxonomy":"post_tag","embeddable":true,"href":"https:\/\/www.correiodascidades.com.br\/v1\/wp-json\/wp\/v2\/tags?post=1325"}],"curies":[{"name":"wp","href":"https:\/\/api.w.org\/{rel}","templated":true}]}}