{"id":1340,"date":"2022-11-09T17:42:06","date_gmt":"2022-11-09T20:42:06","guid":{"rendered":"https:\/\/www.correiodascidades.com.br\/v1\/?p=1340"},"modified":"2022-11-09T19:48:12","modified_gmt":"2022-11-09T22:48:12","slug":"embasa-resolve-denuncia-de-uma-moradora-do-residencial-sol-e-mar","status":"publish","type":"post","link":"https:\/\/www.correiodascidades.com.br\/v1\/2022\/11\/09\/embasa-resolve-denuncia-de-uma-moradora-do-residencial-sol-e-mar\/","title":{"rendered":"ILH\u00c9US: Embasa resolve denuncia de uma moradora do residencial Sol e Mar."},"content":{"rendered":"<p>&nbsp;<\/p>\n<p><img loading=\"lazy\" class=\"alignnone size-full wp-image-1345\" src=\"https:\/\/www.correiodascidades.com.br\/v1\/wp-content\/uploads\/2022\/11\/7e65cd70-04b6-4269-84c3-9d14b7212609-2.jpeg\" alt=\"\" width=\"600\" height=\"469\" srcset=\"https:\/\/www.correiodascidades.com.br\/v1\/wp-content\/uploads\/2022\/11\/7e65cd70-04b6-4269-84c3-9d14b7212609-2.jpeg 600w, https:\/\/www.correiodascidades.com.br\/v1\/wp-content\/uploads\/2022\/11\/7e65cd70-04b6-4269-84c3-9d14b7212609-2-300x235.jpeg 300w\" sizes=\"(max-width: 600px) 100vw, 600px\" \/><\/p>\n<p>Devido a um pedido feito por este blog, a\u00a0 empresa Embasa na cidade, a mesma resolveu o problema da pista que d\u00e1 acesso ao residencial, Sol e Mar na pista principal antes da chegada do referido condom\u00ednio. Em um grupo de Wats zaap, algu\u00e9m postou um v\u00eddeo reclamando da via, que estava prestes a desabar por conta de um servi\u00e7o realizado pela empresa de saneamento (EMBASA). A moradora da quadra (B) senhora M\u00e1rcia Santos, procurou este veiculo nos enviando um v\u00eddeo, onde uma pessoa questionava sobre a principal rua de acesso da rodovia\u00a0 fazendo narrativas que uma cratera estava se abrindo e carros poderiam cair. <!--more--><\/p>\n<p>De imediato procuramos o conselho de resolu\u00e7\u00e3o da empresa liderado pelo engenheiro Felipe Madureira &#8211; que\u00a0 passou a demanda para as empresas prestadoras de servi\u00e7os, identificando a (Porto Fino), como a respons\u00e1vel e pedindo solu\u00e7\u00f5es urgentes.<\/p>\n<p>Um dos respons\u00e1veis pela execu\u00e7\u00e3o dos servi\u00e7os de infraestrutura \u201c Sr. Marcus\u201d\u00a0 sinalizou a equipe de campo e\u00a0 o servi\u00e7o foi edificado no local.<\/p>\n<p>Assim sendo, este veiculo de m\u00eddia agradece a todos. A empresa pela boa postura, e a moradora, por acreditar neste veiculo de midia r\u00e1pida.(Revista eletr\u00f4nica).<\/p>\n","protected":false},"excerpt":{"rendered":"<p>&nbsp; Devido a um pedido feito por este blog, a\u00a0 empresa Embasa na cidade, a mesma resolveu o problema da pista que d\u00e1 acesso ao residencial, Sol e Mar na pista principal antes da chegada do referido condom\u00ednio. Em um grupo de Wats zaap, algu\u00e9m postou um v\u00eddeo reclamando da via, que estava prestes a [&hellip;]<\/p>\n","protected":false},"author":3,"featured_media":1345,"comment_status":"closed","ping_status":"closed","sticky":false,"template":"","format":"standard","meta":{"_links_to":"","_links_to_target":""},"categories":[2],"tags":[],"_links":{"self":[{"href":"https:\/\/www.correiodascidades.com.br\/v1\/wp-json\/wp\/v2\/posts\/1340"}],"collection":[{"href":"https:\/\/www.correiodascidades.com.br\/v1\/wp-json\/wp\/v2\/posts"}],"about":[{"href":"https:\/\/www.correiodascidades.com.br\/v1\/wp-json\/wp\/v2\/types\/post"}],"author":[{"embeddable":true,"href":"https:\/\/www.correiodascidades.com.br\/v1\/wp-json\/wp\/v2\/users\/3"}],"replies":[{"embeddable":true,"href":"https:\/\/www.correiodascidades.com.br\/v1\/wp-json\/wp\/v2\/comments?post=1340"}],"version-history":[{"count":6,"href":"https:\/\/www.correiodascidades.com.br\/v1\/wp-json\/wp\/v2\/posts\/1340\/revisions"}],"predecessor-version":[{"id":1357,"href":"https:\/\/www.correiodascidades.com.br\/v1\/wp-json\/wp\/v2\/posts\/1340\/revisions\/1357"}],"wp:featuredmedia":[{"embeddable":true,"href":"https:\/\/www.correiodascidades.com.br\/v1\/wp-json\/wp\/v2\/media\/1345"}],"wp:attachment":[{"href":"https:\/\/www.correiodascidades.com.br\/v1\/wp-json\/wp\/v2\/media?parent=1340"}],"wp:term":[{"taxonomy":"category","embeddable":true,"href":"https:\/\/www.correiodascidades.com.br\/v1\/wp-json\/wp\/v2\/categories?post=1340"},{"taxonomy":"post_tag","embeddable":true,"href":"https:\/\/www.correiodascidades.com.br\/v1\/wp-json\/wp\/v2\/tags?post=1340"}],"curies":[{"name":"wp","href":"https:\/\/api.w.org\/{rel}","templated":true}]}}