{"id":13969,"date":"2025-01-10T09:25:21","date_gmt":"2025-01-10T12:25:21","guid":{"rendered":"https:\/\/www.correiodascidades.com.br\/v1\/?p=13969"},"modified":"2025-01-10T09:25:21","modified_gmt":"2025-01-10T12:25:21","slug":"13969","status":"publish","type":"post","link":"https:\/\/www.correiodascidades.com.br\/v1\/2025\/01\/10\/13969\/","title":{"rendered":""},"content":{"rendered":"<div class=\"entry-header\">\n<h1 class=\"jeg_post_title\"><img src=\"https:\/\/www.correiodascidades.com.br\/v1\/wp-content\/uploads\/2025\/01\/compra_online2411203173.jpeg\" \/><\/h1>\n<\/div>\n<div class=\"entry-content with-share\">\n<div class=\"jeg_share_button share-float jeg_sticky_share clearfix share-normal\">\n<div class=\"jegStickyHolder\">\n<div class=\"theiaStickySidebar\">\n<div class=\"jeg_share_float_container\">\n<div class=\"jeg_sharelist\"><\/div>\n<\/div>\n<\/div>\n<\/div>\n<\/div>\n<div class=\"content-inner \">\n<p><span class=\"dropcap \">A <\/span>g\u00eancia Brasileira de Desenvolvimento Industrial (ABDI) e o Minist\u00e9rio do Desenvolvimento, Ind\u00fastria, Com\u00e9rcio e Servi\u00e7os (MDIC) lan\u00e7aram um edital para fomentar o com\u00e9rcio eletr\u00f4nico nas regi\u00f5es Norte, Nordeste e Centro-Oeste. No total, ser\u00e3o destinados R$ 4,92 milh\u00f5es para nove projetos selecionados.<\/p>\n<p>Na primeira fase do processo seletivo ser\u00e3o selecionados 20 projetos, um para cada unidade da federa\u00e7\u00e3o das regi\u00f5es contempladas pelo edital. Na segunda etapa, nove projetos ser\u00e3o escolhidos para receber apoio financeiro, no valor de R$ 380 mil cada. Desses, tr\u00eas ir\u00e3o prosseguir para a fase de escala, por mais um ano, contando com acompanhamento t\u00e9cnico e apoio da ABDI, em parceria com o MDIC, e recebendo recursos no valor de R$ 500 mil.<\/p>\n<p>O edital E-commerce.BR vai\u00a0premiar solu\u00e7\u00f5es inovadoras que ajudem as micro, pequenas e m\u00e9dias empresas do pa\u00eds a superar obst\u00e1culos de log\u00edstica, capacita\u00e7\u00e3o digital e comunica\u00e7\u00e3o\u00a0<em>online<\/em>.<\/p>\n<p>As\u00a0<a href=\"http:\/\/www.abdi.com.br\/ecommercebr\" target=\"_blank\" rel=\"noopener\">inscri\u00e7\u00f5es<\/a>\u00a0v\u00e3o at\u00e9 17 de fevereiro deste ano\u00a0e podem ser feitas por Redes de Inova\u00e7\u00e3o compostas por, no m\u00ednimo, tr\u00eas institui\u00e7\u00f5es p\u00fablicas ou privadas de n\u00edvel estadual, distrital ou municipal, que atuem em apoio a micro, pequenas ou m\u00e9dias empresas nas regi\u00f5es Norte, Nordeste e Centro-Oeste.<\/p>\n<p>De acordo com dados do Observat\u00f3rio do Com\u00e9rcio Eletr\u00f4nico Nacional, do MDIC, o com\u00e9rcio eletr\u00f4nico no Brasil movimentou R$ 196,1 bilh\u00f5es em 2023, um crescimento de 4,8% em rela\u00e7\u00e3o ao ano anterior. No entanto, a concentra\u00e7\u00e3o das vendas\u00a0<em>online<\/em>\u00a0ainda \u00e9 grande: o Sudeste responde por 73,5% das transa\u00e7\u00f5es, em contraste com Nordeste (7%), Centro-oeste (3%) e Norte (1,3%).<\/p>\n<\/div>\n<\/div>\n<p><!--more--><\/p>\n<p>Ag\u00eancia Brasil<\/p>\n","protected":false},"excerpt":{"rendered":"<p>A g\u00eancia Brasileira de Desenvolvimento Industrial (ABDI) e o Minist\u00e9rio do Desenvolvimento, Ind\u00fastria, Com\u00e9rcio e Servi\u00e7os (MDIC) lan\u00e7aram um edital para fomentar o com\u00e9rcio eletr\u00f4nico nas regi\u00f5es Norte, Nordeste e Centro-Oeste. No total, ser\u00e3o destinados R$ 4,92 milh\u00f5es para nove projetos selecionados. Na primeira fase do processo seletivo ser\u00e3o selecionados 20 projetos, um para cada [&hellip;]<\/p>\n","protected":false},"author":3,"featured_media":13970,"comment_status":"closed","ping_status":"closed","sticky":false,"template":"","format":"standard","meta":{"_links_to":"","_links_to_target":""},"categories":[1],"tags":[],"_links":{"self":[{"href":"https:\/\/www.correiodascidades.com.br\/v1\/wp-json\/wp\/v2\/posts\/13969"}],"collection":[{"href":"https:\/\/www.correiodascidades.com.br\/v1\/wp-json\/wp\/v2\/posts"}],"about":[{"href":"https:\/\/www.correiodascidades.com.br\/v1\/wp-json\/wp\/v2\/types\/post"}],"author":[{"embeddable":true,"href":"https:\/\/www.correiodascidades.com.br\/v1\/wp-json\/wp\/v2\/users\/3"}],"replies":[{"embeddable":true,"href":"https:\/\/www.correiodascidades.com.br\/v1\/wp-json\/wp\/v2\/comments?post=13969"}],"version-history":[{"count":1,"href":"https:\/\/www.correiodascidades.com.br\/v1\/wp-json\/wp\/v2\/posts\/13969\/revisions"}],"predecessor-version":[{"id":13971,"href":"https:\/\/www.correiodascidades.com.br\/v1\/wp-json\/wp\/v2\/posts\/13969\/revisions\/13971"}],"wp:featuredmedia":[{"embeddable":true,"href":"https:\/\/www.correiodascidades.com.br\/v1\/wp-json\/wp\/v2\/media\/13970"}],"wp:attachment":[{"href":"https:\/\/www.correiodascidades.com.br\/v1\/wp-json\/wp\/v2\/media?parent=13969"}],"wp:term":[{"taxonomy":"category","embeddable":true,"href":"https:\/\/www.correiodascidades.com.br\/v1\/wp-json\/wp\/v2\/categories?post=13969"},{"taxonomy":"post_tag","embeddable":true,"href":"https:\/\/www.correiodascidades.com.br\/v1\/wp-json\/wp\/v2\/tags?post=13969"}],"curies":[{"name":"wp","href":"https:\/\/api.w.org\/{rel}","templated":true}]}}