{"id":1431,"date":"2022-11-12T09:46:44","date_gmt":"2022-11-12T12:46:44","guid":{"rendered":"https:\/\/www.correiodascidades.com.br\/v1\/?p=1431"},"modified":"2022-11-12T09:55:54","modified_gmt":"2022-11-12T12:55:54","slug":"ilheus-motorista-da-lotacao-de-ilheus-esta-desaparecido","status":"publish","type":"post","link":"https:\/\/www.correiodascidades.com.br\/v1\/2022\/11\/12\/ilheus-motorista-da-lotacao-de-ilheus-esta-desaparecido\/","title":{"rendered":"ILH\u00c9US: Motorista da lota\u00e7\u00e3o de Ilh\u00e9us est\u00e1 \u00a0desaparecido"},"content":{"rendered":"<p>&nbsp;<\/p>\n<p>&nbsp;<\/p>\n<p>De acordo com informa\u00e7\u00f5es ratinho como \u00e9 conhecido, estava na Central de Abastecimento do Malhado <strong>no<\/strong> \u00a0ponto de apoio, quando pegou uma corrida sentido Oliven\u00e7a na tarde desta sexta feira e n\u00e3o mais apareceu.<!--more--><\/p>\n<p>Amigos e parentes contam ainda que o celular do mesmo est\u00e1 sem comunica\u00e7\u00e3o, e que este nunca ficou ausente durante um tempo longo sem dar satisfa\u00e7\u00f5es. Ratinho \u00e9 uma pessoa bastante conhecida. A fam\u00edlia pede encarecidamente que algu\u00e9m se souber do paradeiro do mesmo favor manter contato.<\/p>\n","protected":false},"excerpt":{"rendered":"<p>&nbsp; &nbsp; De acordo com informa\u00e7\u00f5es ratinho como \u00e9 conhecido, estava na Central de Abastecimento do Malhado no \u00a0ponto de apoio, quando pegou uma corrida sentido Oliven\u00e7a na tarde desta sexta feira e n\u00e3o mais apareceu.<\/p>\n","protected":false},"author":3,"featured_media":1432,"comment_status":"closed","ping_status":"closed","sticky":false,"template":"","format":"standard","meta":{"_links_to":"","_links_to_target":""},"categories":[2],"tags":[],"_links":{"self":[{"href":"https:\/\/www.correiodascidades.com.br\/v1\/wp-json\/wp\/v2\/posts\/1431"}],"collection":[{"href":"https:\/\/www.correiodascidades.com.br\/v1\/wp-json\/wp\/v2\/posts"}],"about":[{"href":"https:\/\/www.correiodascidades.com.br\/v1\/wp-json\/wp\/v2\/types\/post"}],"author":[{"embeddable":true,"href":"https:\/\/www.correiodascidades.com.br\/v1\/wp-json\/wp\/v2\/users\/3"}],"replies":[{"embeddable":true,"href":"https:\/\/www.correiodascidades.com.br\/v1\/wp-json\/wp\/v2\/comments?post=1431"}],"version-history":[{"count":1,"href":"https:\/\/www.correiodascidades.com.br\/v1\/wp-json\/wp\/v2\/posts\/1431\/revisions"}],"predecessor-version":[{"id":1433,"href":"https:\/\/www.correiodascidades.com.br\/v1\/wp-json\/wp\/v2\/posts\/1431\/revisions\/1433"}],"wp:featuredmedia":[{"embeddable":true,"href":"https:\/\/www.correiodascidades.com.br\/v1\/wp-json\/wp\/v2\/media\/1432"}],"wp:attachment":[{"href":"https:\/\/www.correiodascidades.com.br\/v1\/wp-json\/wp\/v2\/media?parent=1431"}],"wp:term":[{"taxonomy":"category","embeddable":true,"href":"https:\/\/www.correiodascidades.com.br\/v1\/wp-json\/wp\/v2\/categories?post=1431"},{"taxonomy":"post_tag","embeddable":true,"href":"https:\/\/www.correiodascidades.com.br\/v1\/wp-json\/wp\/v2\/tags?post=1431"}],"curies":[{"name":"wp","href":"https:\/\/api.w.org\/{rel}","templated":true}]}}