{"id":14315,"date":"2025-02-01T07:33:25","date_gmt":"2025-02-01T10:33:25","guid":{"rendered":"https:\/\/www.correiodascidades.com.br\/v1\/?p=14315"},"modified":"2025-02-01T07:33:25","modified_gmt":"2025-02-01T10:33:25","slug":"deputado-hassan-pede-a-jeronimo-a-implantacao-da-rondesp-em-jequie","status":"publish","type":"post","link":"https:\/\/www.correiodascidades.com.br\/v1\/2025\/02\/01\/deputado-hassan-pede-a-jeronimo-a-implantacao-da-rondesp-em-jequie\/","title":{"rendered":"Deputado Hassan pede a Jer\u00f4nimo a implanta\u00e7\u00e3o da Rondesp em Jequi\u00e9"},"content":{"rendered":"<p><img src=\"https:\/\/www.correiodascidades.com.br\/v1\/wp-content\/uploads\/2025\/02\/deputadohassan-21-11-2024.jpg\" \/><\/p>\n<p><span class=\"dropcap \">C<\/span>onsiderando que Jequi\u00e9 \u00e9 um polo regional de ineg\u00e1vel import\u00e2ncia, e que a seguran\u00e7a p\u00fablica desempenha importante papel no desenvolvimento sustent\u00e1vel das cidades, intimamente ligada \u00e0 capacidade de atrair investimentos e melhorar a qualidade de vida urbana, o deputado municipalista Hassan (PP) solicitou ao governador Jer\u00f4nimo Rodrigues e ao secret\u00e1rio de Seguran\u00e7a P\u00fablica, Marcelo Werner, a implanta\u00e7\u00e3o da Companhia de Policiamento T\u00e1tico Rondesp no munic\u00edpio. \u201cA especializa\u00e7\u00e3o dessa companhia permite atua\u00e7\u00e3o mais eficaz no combate \u00e0 criminalidade, atendendo de forma efetiva as demandas por seguran\u00e7a\u201d, justifica o parlamentar.<\/p>\n<p>Ao apresentar sua solicita\u00e7\u00e3o, atrav\u00e9s de indica\u00e7\u00e3o protocolada na Assembleia Legislativa da Bahia (Alba), o deputado destacou que \u201ca cidade enfrenta desafios no que tange \u00e0 seguran\u00e7a p\u00fablica e est\u00e1 adotando medidas para combater o crime organizado\u201d, e explicou que \u201cnesse sentido, a presen\u00e7a da Rondesp em Jequi\u00e9 se justificaria pela necessidade de uma abordagem diferenciada na preven\u00e7\u00e3o e combate \u00e0 criminalidade\u201d.<!--more--><\/p>\n<p>Hassan entende que \u201ca Rondesp, conhecida por sua atua\u00e7\u00e3o especializada e estrat\u00e9gica, pode responder de forma r\u00e1pida e eficaz \u00e0s situa\u00e7\u00f5es de crise e realizar opera\u00e7\u00f5es voltadas ao policiamento ostensivo e repressivo qualificado, essenciais para desestimular e coibir delitos, com a presen\u00e7a policial mais forte e estruturada\u201d. Para o deputado, o aumento da presen\u00e7a policial no munic\u00edpio teria m\u00faltiplos benef\u00edcios, dentre eles a redu\u00e7\u00e3o dos \u00edndices de criminalidade, promovendo ambiente mais seguro e est\u00e1vel tanto para os moradores quanto para os investidores e visitantes. O parlamentar frisa que \u201ca melhoria na seguran\u00e7a p\u00fablica contribui diretamente para o fortalecimento da economia local, atraindo neg\u00f3cios e fomentando o com\u00e9rcio atrav\u00e9s do aumento da confian\u00e7a na regi\u00e3o\u201d.<\/p>\n<p>O legislador defende que a Rondesp pode tamb\u00e9m atuar de forma integrada com outras for\u00e7as de seguran\u00e7a e institui\u00e7\u00f5es p\u00fablicas, promovendo campanhas educativas, sociais e de conscientiza\u00e7\u00e3o voltadas para a inclus\u00e3o social, a educa\u00e7\u00e3o e o desenvolvimento comunit\u00e1rio. \u201cUm ambiente seguro \u00e9 essencial para que os cidad\u00e3os exer\u00e7am plenamente seus direitos civis, pol\u00edticos, sociais e<\/p>\n","protected":false},"excerpt":{"rendered":"<p>Considerando que Jequi\u00e9 \u00e9 um polo regional de ineg\u00e1vel import\u00e2ncia, e que a seguran\u00e7a p\u00fablica desempenha importante papel no desenvolvimento sustent\u00e1vel das cidades, intimamente ligada \u00e0 capacidade de atrair investimentos e melhorar a qualidade de vida urbana, o deputado municipalista Hassan (PP) solicitou ao governador Jer\u00f4nimo Rodrigues e ao secret\u00e1rio de Seguran\u00e7a P\u00fablica, Marcelo Werner, [&hellip;]<\/p>\n","protected":false},"author":3,"featured_media":14316,"comment_status":"closed","ping_status":"closed","sticky":false,"template":"","format":"standard","meta":{"_links_to":"","_links_to_target":""},"categories":[1],"tags":[],"_links":{"self":[{"href":"https:\/\/www.correiodascidades.com.br\/v1\/wp-json\/wp\/v2\/posts\/14315"}],"collection":[{"href":"https:\/\/www.correiodascidades.com.br\/v1\/wp-json\/wp\/v2\/posts"}],"about":[{"href":"https:\/\/www.correiodascidades.com.br\/v1\/wp-json\/wp\/v2\/types\/post"}],"author":[{"embeddable":true,"href":"https:\/\/www.correiodascidades.com.br\/v1\/wp-json\/wp\/v2\/users\/3"}],"replies":[{"embeddable":true,"href":"https:\/\/www.correiodascidades.com.br\/v1\/wp-json\/wp\/v2\/comments?post=14315"}],"version-history":[{"count":1,"href":"https:\/\/www.correiodascidades.com.br\/v1\/wp-json\/wp\/v2\/posts\/14315\/revisions"}],"predecessor-version":[{"id":14317,"href":"https:\/\/www.correiodascidades.com.br\/v1\/wp-json\/wp\/v2\/posts\/14315\/revisions\/14317"}],"wp:featuredmedia":[{"embeddable":true,"href":"https:\/\/www.correiodascidades.com.br\/v1\/wp-json\/wp\/v2\/media\/14316"}],"wp:attachment":[{"href":"https:\/\/www.correiodascidades.com.br\/v1\/wp-json\/wp\/v2\/media?parent=14315"}],"wp:term":[{"taxonomy":"category","embeddable":true,"href":"https:\/\/www.correiodascidades.com.br\/v1\/wp-json\/wp\/v2\/categories?post=14315"},{"taxonomy":"post_tag","embeddable":true,"href":"https:\/\/www.correiodascidades.com.br\/v1\/wp-json\/wp\/v2\/tags?post=14315"}],"curies":[{"name":"wp","href":"https:\/\/api.w.org\/{rel}","templated":true}]}}