{"id":14318,"date":"2025-02-01T07:36:32","date_gmt":"2025-02-01T10:36:32","guid":{"rendered":"https:\/\/www.correiodascidades.com.br\/v1\/?p=14318"},"modified":"2025-02-01T07:36:32","modified_gmt":"2025-02-01T10:36:32","slug":"tv-brasil-e-tve-transmitem-ao-vivo-o-classico-bahia-x-vitoria-neste-sabado","status":"publish","type":"post","link":"https:\/\/www.correiodascidades.com.br\/v1\/2025\/02\/01\/tv-brasil-e-tve-transmitem-ao-vivo-o-classico-bahia-x-vitoria-neste-sabado\/","title":{"rendered":"TV Brasil e TVE transmitem ao vivo o cl\u00e1ssico Bahia x Vit\u00f3ria neste s\u00e1bado"},"content":{"rendered":"<p><img src=\"https:\/\/www.correiodascidades.com.br\/v1\/wp-content\/uploads\/2025\/02\/bahia-vitoria-ft-tiagocaldas-ecbahia-_1_.jpeg\" \/><\/p>\n<p><strong><span class=\"dropcap \">A <\/span>TV Brasil<\/strong>\u00a0vai exibir neste s\u00e1bado (1\u00ba) um dos principais cl\u00e1ssicos do futebol nacional. Bahia e Vit\u00f3ria enfrentam-se pela sexta rodada do Campeonato Baiano. A partida est\u00e1 marcada para as 16h e ter\u00e1 transmiss\u00e3o ao vivo tamb\u00e9m pela\u00a0<strong>TVE Bahia<\/strong>. As duas \u00a0 emissoras entram em campo um pouco mais cedo, \u00e0s 15h30, com o pr\u00e9-jogo. A Arena Fonte Nova, em Salvador (BA), ser\u00e1 o palco da disputa.<\/p>\n<p>Desde o in\u00edcio do m\u00eas, a\u00a0<strong>TV Brasil<\/strong>\u00a0vem retransmitindo para todo o pa\u00eds as emo\u00e7\u00f5es de importante campeonatos estaduais de futebol, como o baiano e o capixaba. Tamb\u00e9m est\u00e3o confirmadas as exibi\u00e7\u00f5es dos campeonatos paraense e\u00a0cearense.<\/p>\n<p>As transmiss\u00f5es dos campeonatos estaduais pela\u00a0<strong>TV Brasil<\/strong>\u00a0s\u00e3o mais uma parceria com as emissoras estaduais integrantes da\u00a0<strong>Rede Nacional de Comunica\u00e7\u00e3o P\u00fablica<\/strong>\u00a0(<strong>RNCP<\/strong>).\u00a0No caso do Campeonato Baiano, \u00e9 a\u00a0TVE Bahia\u00a0quem operacionaliza as imagens, narra\u00e7\u00e3o e os coment\u00e1rios, retransmitidos para todo o pa\u00eds pela\u00a0<strong>TV Brasil.<\/strong><\/p>\n<h2>Campeonato<\/h2>\n<p><!--more--><\/p>\n<p>O time do Bahia vem a campo ap\u00f3s uma vit\u00f3ria por 3 a 1 contra o Jequi\u00e9, fora de casa, pela quinta rodada nesta quarta-feira (29). Pulga, Everaldo e Ruan Pablo marcaram os gols do Tricolor.<\/p>\n<p>Tamb\u00e9m de olho no cl\u00e1ssico do fim de semana, com um time cheio de mudan\u00e7as e sem decepcionar a torcida, o Vit\u00f3ria n\u00e3o teve dificuldades sobre o Jacobina e goleou o advers\u00e1rio por 4 a 0. Bruno Xavier, Fabri, Claudinho e Matheusinho marcaram gols.<\/p>\n<p>O \u00eaxito levou o Vit\u00f3ria a encabe\u00e7ar a tabela do Baian\u00e3o com 11 pontos. J\u00e1 o Bahia foi a 8 pontos e segue na vice-lideran\u00e7a.<\/p>\n<h2>Temporada<\/h2>\n<p>A edi\u00e7\u00e3o atual do Campeonato Baiano de futebol mant\u00e9m o formato das temporadas anteriores. A primeira fase \u00e9 composta por nove rodadas, com dez equipes competindo pelas quatro primeiras coloca\u00e7\u00f5es \u2013 que garantir\u00e3o vaga nas semifinais. As duas \u00faltimas colocadas s\u00e3o rebaixadas para a segunda divis\u00e3o. As semifinais e finais s\u00e3o disputadas em partidas de ida e volta.<\/p>\n<p>Atl\u00e9tico de Alagoinhas, Bahia, Barcelona de Ilh\u00e9us, Colo-Colo, Jacobina,\u00a0Jacuipense, Jequi\u00e9, Juazeirense, Porto e\u00a0Vit\u00f3ria\u00a0s\u00e3o as equipes participantes do torneio estadual.<\/p>\n","protected":false},"excerpt":{"rendered":"<p>A TV Brasil\u00a0vai exibir neste s\u00e1bado (1\u00ba) um dos principais cl\u00e1ssicos do futebol nacional. Bahia e Vit\u00f3ria enfrentam-se pela sexta rodada do Campeonato Baiano. A partida est\u00e1 marcada para as 16h e ter\u00e1 transmiss\u00e3o ao vivo tamb\u00e9m pela\u00a0TVE Bahia. As duas \u00a0 emissoras entram em campo um pouco mais cedo, \u00e0s 15h30, com o pr\u00e9-jogo. [&hellip;]<\/p>\n","protected":false},"author":3,"featured_media":14319,"comment_status":"closed","ping_status":"closed","sticky":false,"template":"","format":"standard","meta":{"_links_to":"","_links_to_target":""},"categories":[1],"tags":[],"_links":{"self":[{"href":"https:\/\/www.correiodascidades.com.br\/v1\/wp-json\/wp\/v2\/posts\/14318"}],"collection":[{"href":"https:\/\/www.correiodascidades.com.br\/v1\/wp-json\/wp\/v2\/posts"}],"about":[{"href":"https:\/\/www.correiodascidades.com.br\/v1\/wp-json\/wp\/v2\/types\/post"}],"author":[{"embeddable":true,"href":"https:\/\/www.correiodascidades.com.br\/v1\/wp-json\/wp\/v2\/users\/3"}],"replies":[{"embeddable":true,"href":"https:\/\/www.correiodascidades.com.br\/v1\/wp-json\/wp\/v2\/comments?post=14318"}],"version-history":[{"count":1,"href":"https:\/\/www.correiodascidades.com.br\/v1\/wp-json\/wp\/v2\/posts\/14318\/revisions"}],"predecessor-version":[{"id":14320,"href":"https:\/\/www.correiodascidades.com.br\/v1\/wp-json\/wp\/v2\/posts\/14318\/revisions\/14320"}],"wp:featuredmedia":[{"embeddable":true,"href":"https:\/\/www.correiodascidades.com.br\/v1\/wp-json\/wp\/v2\/media\/14319"}],"wp:attachment":[{"href":"https:\/\/www.correiodascidades.com.br\/v1\/wp-json\/wp\/v2\/media?parent=14318"}],"wp:term":[{"taxonomy":"category","embeddable":true,"href":"https:\/\/www.correiodascidades.com.br\/v1\/wp-json\/wp\/v2\/categories?post=14318"},{"taxonomy":"post_tag","embeddable":true,"href":"https:\/\/www.correiodascidades.com.br\/v1\/wp-json\/wp\/v2\/tags?post=14318"}],"curies":[{"name":"wp","href":"https:\/\/api.w.org\/{rel}","templated":true}]}}