{"id":14321,"date":"2025-02-01T07:42:45","date_gmt":"2025-02-01T10:42:45","guid":{"rendered":"https:\/\/www.correiodascidades.com.br\/v1\/?p=14321"},"modified":"2025-02-01T07:42:45","modified_gmt":"2025-02-01T10:42:45","slug":"fies-2025-inscreve-de-4-a-7-de-fevereiro-para-112-mil-vagas-veja-passo-a-passo","status":"publish","type":"post","link":"https:\/\/www.correiodascidades.com.br\/v1\/2025\/02\/01\/fies-2025-inscreve-de-4-a-7-de-fevereiro-para-112-mil-vagas-veja-passo-a-passo\/","title":{"rendered":"Fies 2025 inscreve de 4 a 7 de fevereiro para 112 mil vagas; veja passo a passo"},"content":{"rendered":"<p><img src=\"https:\/\/www.correiodascidades.com.br\/v1\/wp-content\/uploads\/2025\/02\/site-oficial-do-fies-2045268-article-1.jpeg\" \/><\/p>\n<p>As inscri\u00e7\u00f5es para o processo seletivo do primeiro semestre de 2025 do Fundo de Financiamento Estudantil (Fies) poder\u00e3o ser feitas pela internet, por meio do Portal \u00danico de Acesso ao Ensino Superior, no per\u00edodo de 4 a 7 de fevereiro. Neste ano, ser\u00e3o ofertadas mais de 112 mil vagas em todo o pa\u00eds, em dois processos seletivos: o primeiro para cursos com in\u00edcio de aulas no primeiro semestre e o segundo para aulas com in\u00edcio no segundo semestre.<\/p>\n<div class=\"flex flex-col p-2 px-0 w-full font-normal text-[18px] leading-[30px] text-tw-theme-text-default\">\n<p id=\"paragrafo-brvihpvgfp\">Para disputar as vagas no Fies Social, \u00e9 preciso ter prestado o Exame Nacional do Ensino M\u00e9dio (Enem) em qualquer uma de suas edi\u00e7\u00f5es, a partir da edi\u00e7\u00e3o de 2010 at\u00e9 a mais recente. Al\u00e9m disso, o candidato deve ter obtido, no m\u00ednimo, 450 pontos na m\u00e9dia aritm\u00e9tica das notas das cinco provas do exame, e a nota na prova de reda\u00e7\u00e3o precisa ser superior a zero.<\/p>\n<\/div>\n<div class=\"flex flex-col p-2 px-0 w-full font-normal text-[18px] leading-[30px] text-tw-theme-text-default\">\n<p id=\"paragrafo-chax62hxgi\">\u00c9 vetada a inscri\u00e7\u00e3o de quem declarou ter participado do Enem como \u201ctreineiro\u201d.\u00a0O\u00a0<a class=\"link\" href=\"https:\/\/www.correio24horas.com.br\/brasil\/fies-programa-tera-56-mil-vagas-para-inscritos-no-cadunico-0125\" target=\"_blank\" rel=\"noopener\">Fies Social<\/a> reserva 50% das vagas para estudantes com renda familiar por pessoa de at\u00e9 meio sal\u00e1rio m\u00ednimo e inscritos no Cadastro \u00danico para Programas Sociais do governo federal (Cad\u00danico).<\/p>\n<\/div>\n<p><!--more--><\/p>\n<div class=\"flex flex-col p-2 px-0 w-full font-normal text-[18px] leading-[30px] text-tw-theme-text-default\">\n<p id=\"paragrafo-x9f24n7lan\">A base de dados correspondente \u00e0 situa\u00e7\u00e3o do Cad\u00danico ser\u00e1 a de 11 de janeiro de 2025. No caso de pr\u00e9-selecionados que atendam \u00e0s regras do Fies Social, a contrata\u00e7\u00e3o do financiamento \u00e9 integral, cobrindo at\u00e9 100% dos encargos educacionais.<\/p>\n<\/div>\n<div class=\"flex flex-col p-2 px-0 w-full font-normal text-[18px] leading-[30px] text-tw-theme-text-default\">\n<p id=\"paragrafo-7ifgpvmu6u\">A classifica\u00e7\u00e3o no processo seletivo do Fies no primeiro semestre de 2025 ser\u00e1 realizada de acordo com a ordem decrescente das notas obtidas pelos candidatos no Enem, por tipo de vaga, grupo de prefer\u00eancia e modalidade de concorr\u00eancia. Ela respeitar\u00e1 a seguinte ordem de prioriza\u00e7\u00e3o:<\/p>\n<\/div>\n","protected":false},"excerpt":{"rendered":"<p>As inscri\u00e7\u00f5es para o processo seletivo do primeiro semestre de 2025 do Fundo de Financiamento Estudantil (Fies) poder\u00e3o ser feitas pela internet, por meio do Portal \u00danico de Acesso ao Ensino Superior, no per\u00edodo de 4 a 7 de fevereiro. Neste ano, ser\u00e3o ofertadas mais de 112 mil vagas em todo o pa\u00eds, em dois [&hellip;]<\/p>\n","protected":false},"author":3,"featured_media":14322,"comment_status":"closed","ping_status":"closed","sticky":false,"template":"","format":"standard","meta":{"_links_to":"","_links_to_target":""},"categories":[1],"tags":[],"_links":{"self":[{"href":"https:\/\/www.correiodascidades.com.br\/v1\/wp-json\/wp\/v2\/posts\/14321"}],"collection":[{"href":"https:\/\/www.correiodascidades.com.br\/v1\/wp-json\/wp\/v2\/posts"}],"about":[{"href":"https:\/\/www.correiodascidades.com.br\/v1\/wp-json\/wp\/v2\/types\/post"}],"author":[{"embeddable":true,"href":"https:\/\/www.correiodascidades.com.br\/v1\/wp-json\/wp\/v2\/users\/3"}],"replies":[{"embeddable":true,"href":"https:\/\/www.correiodascidades.com.br\/v1\/wp-json\/wp\/v2\/comments?post=14321"}],"version-history":[{"count":1,"href":"https:\/\/www.correiodascidades.com.br\/v1\/wp-json\/wp\/v2\/posts\/14321\/revisions"}],"predecessor-version":[{"id":14323,"href":"https:\/\/www.correiodascidades.com.br\/v1\/wp-json\/wp\/v2\/posts\/14321\/revisions\/14323"}],"wp:featuredmedia":[{"embeddable":true,"href":"https:\/\/www.correiodascidades.com.br\/v1\/wp-json\/wp\/v2\/media\/14322"}],"wp:attachment":[{"href":"https:\/\/www.correiodascidades.com.br\/v1\/wp-json\/wp\/v2\/media?parent=14321"}],"wp:term":[{"taxonomy":"category","embeddable":true,"href":"https:\/\/www.correiodascidades.com.br\/v1\/wp-json\/wp\/v2\/categories?post=14321"},{"taxonomy":"post_tag","embeddable":true,"href":"https:\/\/www.correiodascidades.com.br\/v1\/wp-json\/wp\/v2\/tags?post=14321"}],"curies":[{"name":"wp","href":"https:\/\/api.w.org\/{rel}","templated":true}]}}