{"id":14354,"date":"2025-02-03T17:33:11","date_gmt":"2025-02-03T20:33:11","guid":{"rendered":"https:\/\/www.correiodascidades.com.br\/v1\/?p=14354"},"modified":"2025-02-03T17:43:14","modified_gmt":"2025-02-03T20:43:14","slug":"ilheus-professores-pedem-socorro-para-receberem-seus-salarios-e-falam-em-um-protesto-pelas-ruas-da-cidade","status":"publish","type":"post","link":"https:\/\/www.correiodascidades.com.br\/v1\/2025\/02\/03\/ilheus-professores-pedem-socorro-para-receberem-seus-salarios-e-falam-em-um-protesto-pelas-ruas-da-cidade\/","title":{"rendered":"ILH\u00c9US: Professores pedem socorro para receberem seus sal\u00e1rios e falam em um protesto pelas ruas da cidade"},"content":{"rendered":"<p><img loading=\"lazy\" class=\"\" src=\"https:\/\/www.correiodascidades.com.br\/v1\/wp-content\/uploads\/2025\/02\/download-1.jpeg\" width=\"434\" height=\"285\" \/><\/p>\n<p>Os Professores contratados da rede municipal de Ilh\u00e9us, est\u00e3o sem receber parte do sal\u00e1rio de Dezembro, sem f\u00e9rias e rescis\u00e3o. Fruto da gest\u00e3o anterior e muito deles passando por momentos de dificuldade. E assim, est\u00e3o fazendo um apelo para que a nova\u00a0 gest\u00e3o possa se compadecer com a classe e\u00a0 dar um retorno em rela\u00e7\u00e3o a essa situa\u00e7\u00e3o t\u00e3o ca\u00f3tica.<\/p>\n<p><img loading=\"lazy\" class=\"alignnone wp-image-14356\" src=\"https:\/\/www.correiodascidades.com.br\/v1\/wp-content\/uploads\/2025\/02\/download-2.jpeg\" alt=\"\" width=\"430\" height=\"321\" \/><\/p>\n<p>Vale lembrar que tal pedido se d\u00e1 por conta do calote que os mesmos receberam da gest\u00e3o anterior. governo M\u00e1rio Alexandre que sem d\u00f3 e sem piedade deixou todos estes servidores a verem navios. Deste modo os mesmos est\u00e3o sendo convencidos que se n\u00e3o houver jeito um protesto pelas ruas \u00e9 a \u00fanica solu\u00e7\u00e3o isso ser\u00e1 inevit\u00e1vel.<\/p>\n","protected":false},"excerpt":{"rendered":"<p>Os Professores contratados da rede municipal de Ilh\u00e9us, est\u00e3o sem receber parte do sal\u00e1rio de Dezembro, sem f\u00e9rias e rescis\u00e3o. Fruto da gest\u00e3o anterior e muito deles passando por momentos de dificuldade. E assim, est\u00e3o fazendo um apelo para que a nova\u00a0 gest\u00e3o possa se compadecer com a classe e\u00a0 dar um retorno em rela\u00e7\u00e3o [&hellip;]<\/p>\n","protected":false},"author":3,"featured_media":14355,"comment_status":"closed","ping_status":"closed","sticky":false,"template":"","format":"standard","meta":{"_links_to":"","_links_to_target":""},"categories":[1],"tags":[],"_links":{"self":[{"href":"https:\/\/www.correiodascidades.com.br\/v1\/wp-json\/wp\/v2\/posts\/14354"}],"collection":[{"href":"https:\/\/www.correiodascidades.com.br\/v1\/wp-json\/wp\/v2\/posts"}],"about":[{"href":"https:\/\/www.correiodascidades.com.br\/v1\/wp-json\/wp\/v2\/types\/post"}],"author":[{"embeddable":true,"href":"https:\/\/www.correiodascidades.com.br\/v1\/wp-json\/wp\/v2\/users\/3"}],"replies":[{"embeddable":true,"href":"https:\/\/www.correiodascidades.com.br\/v1\/wp-json\/wp\/v2\/comments?post=14354"}],"version-history":[{"count":3,"href":"https:\/\/www.correiodascidades.com.br\/v1\/wp-json\/wp\/v2\/posts\/14354\/revisions"}],"predecessor-version":[{"id":14359,"href":"https:\/\/www.correiodascidades.com.br\/v1\/wp-json\/wp\/v2\/posts\/14354\/revisions\/14359"}],"wp:featuredmedia":[{"embeddable":true,"href":"https:\/\/www.correiodascidades.com.br\/v1\/wp-json\/wp\/v2\/media\/14355"}],"wp:attachment":[{"href":"https:\/\/www.correiodascidades.com.br\/v1\/wp-json\/wp\/v2\/media?parent=14354"}],"wp:term":[{"taxonomy":"category","embeddable":true,"href":"https:\/\/www.correiodascidades.com.br\/v1\/wp-json\/wp\/v2\/categories?post=14354"},{"taxonomy":"post_tag","embeddable":true,"href":"https:\/\/www.correiodascidades.com.br\/v1\/wp-json\/wp\/v2\/tags?post=14354"}],"curies":[{"name":"wp","href":"https:\/\/api.w.org\/{rel}","templated":true}]}}