{"id":14361,"date":"2025-02-04T01:13:59","date_gmt":"2025-02-04T04:13:59","guid":{"rendered":"https:\/\/www.correiodascidades.com.br\/v1\/?p=14361"},"modified":"2025-02-04T01:54:05","modified_gmt":"2025-02-04T04:54:05","slug":"ilheus-mais-um-descaso-do-hospital-costa-do-cacau-de-acordo-relato-do-cidadao-filho-da-vitima-assista-o-video","status":"publish","type":"post","link":"https:\/\/www.correiodascidades.com.br\/v1\/2025\/02\/04\/ilheus-mais-um-descaso-do-hospital-costa-do-cacau-de-acordo-relato-do-cidadao-filho-da-vitima-assista-o-video\/","title":{"rendered":"ILH\u00c9US: Mais um descaso do Hospital Costa do Cacau de acordo relato do cidad\u00e3o filho da vitima, assista os v\u00eddeos"},"content":{"rendered":"<p>Hospital Costa do Cacau Ilh\u00e9us, esse filho luta de forma desesperada em busca de atendimento descente para sua m\u00e3e. Veja os v\u00eddeos com aten\u00e7\u00e3o.<\/p>\n<p><iframe loading=\"lazy\" title=\"WhatsApp Video 2025 02 03 at 22 36 56 1\" width=\"500\" height=\"281\" src=\"https:\/\/www.youtube.com\/embed\/nUmmQ4MBJxk?feature=oembed\" frameborder=\"0\" allow=\"accelerometer; autoplay; clipboard-write; encrypted-media; gyroscope; picture-in-picture; web-share\" referrerpolicy=\"strict-origin-when-cross-origin\" allowfullscreen><\/iframe><\/p>\n<p>Um filho foi impedido de acompanhar a m\u00e3e em um dos leitos do Hospital Regional Costa do Cacau, por um suposto seguran\u00e7a sem farda, na noite desta segunda-feira (03).<\/p>\n<p>O indiv\u00edduo aparentando est\u00e1 armado estava acompanhado de outro homem, este ai um funcion\u00e1rio da portaria, enquanto a vitima corria o risco de ser agredido ou possivelmente baleado, por conta da f\u00faria e desequil\u00edbrio do mesmo ao ver a situa\u00e7\u00e3o angustiante da m\u00e3e.<\/p>\n<p>Indignado, o filho da paciente gravou v\u00eddeo no momento em que era retirado pelos homens.<\/p>\n<p><iframe loading=\"lazy\" title=\"WhatsApp Video 2025 02 03 at 22 19 42\" width=\"500\" height=\"281\" src=\"https:\/\/www.youtube.com\/embed\/6A9APWpCQ2A?feature=oembed\" frameborder=\"0\" allow=\"accelerometer; autoplay; clipboard-write; encrypted-media; gyroscope; picture-in-picture; web-share\" referrerpolicy=\"strict-origin-when-cross-origin\" allowfullscreen><\/iframe><\/p>\n","protected":false},"excerpt":{"rendered":"<p>Hospital Costa do Cacau Ilh\u00e9us, esse filho luta de forma desesperada em busca de atendimento descente para sua m\u00e3e. Veja os v\u00eddeos com aten\u00e7\u00e3o. Um filho foi impedido de acompanhar a m\u00e3e em um dos leitos do Hospital Regional Costa do Cacau, por um suposto seguran\u00e7a sem farda, na noite desta segunda-feira (03). O indiv\u00edduo [&hellip;]<\/p>\n","protected":false},"author":3,"featured_media":14362,"comment_status":"closed","ping_status":"closed","sticky":false,"template":"","format":"standard","meta":{"_links_to":"","_links_to_target":""},"categories":[1],"tags":[],"_links":{"self":[{"href":"https:\/\/www.correiodascidades.com.br\/v1\/wp-json\/wp\/v2\/posts\/14361"}],"collection":[{"href":"https:\/\/www.correiodascidades.com.br\/v1\/wp-json\/wp\/v2\/posts"}],"about":[{"href":"https:\/\/www.correiodascidades.com.br\/v1\/wp-json\/wp\/v2\/types\/post"}],"author":[{"embeddable":true,"href":"https:\/\/www.correiodascidades.com.br\/v1\/wp-json\/wp\/v2\/users\/3"}],"replies":[{"embeddable":true,"href":"https:\/\/www.correiodascidades.com.br\/v1\/wp-json\/wp\/v2\/comments?post=14361"}],"version-history":[{"count":5,"href":"https:\/\/www.correiodascidades.com.br\/v1\/wp-json\/wp\/v2\/posts\/14361\/revisions"}],"predecessor-version":[{"id":14367,"href":"https:\/\/www.correiodascidades.com.br\/v1\/wp-json\/wp\/v2\/posts\/14361\/revisions\/14367"}],"wp:featuredmedia":[{"embeddable":true,"href":"https:\/\/www.correiodascidades.com.br\/v1\/wp-json\/wp\/v2\/media\/14362"}],"wp:attachment":[{"href":"https:\/\/www.correiodascidades.com.br\/v1\/wp-json\/wp\/v2\/media?parent=14361"}],"wp:term":[{"taxonomy":"category","embeddable":true,"href":"https:\/\/www.correiodascidades.com.br\/v1\/wp-json\/wp\/v2\/categories?post=14361"},{"taxonomy":"post_tag","embeddable":true,"href":"https:\/\/www.correiodascidades.com.br\/v1\/wp-json\/wp\/v2\/tags?post=14361"}],"curies":[{"name":"wp","href":"https:\/\/api.w.org\/{rel}","templated":true}]}}