{"id":14376,"date":"2025-02-04T18:43:03","date_gmt":"2025-02-04T21:43:03","guid":{"rendered":"https:\/\/www.correiodascidades.com.br\/v1\/?p=14376"},"modified":"2025-02-04T18:50:44","modified_gmt":"2025-02-04T21:50:44","slug":"ilheus-moto-pega-fogo-na-ladeira","status":"publish","type":"post","link":"https:\/\/www.correiodascidades.com.br\/v1\/2025\/02\/04\/ilheus-moto-pega-fogo-na-ladeira\/","title":{"rendered":"ILH\u00c9US: Moto pega fogo na ladeira"},"content":{"rendered":"<p><img src=\"https:\/\/www.correiodascidades.com.br\/v1\/wp-content\/uploads\/2025\/02\/8214cfb1-821a-4541-bf91-60a4a4b25aae.jpeg\" \/><\/p>\n<p>No inicio desta tarde na ladeira dos Carilos em Ilh\u00e9us, uma moto pegou fogo e por pouco n\u00e3o causou um estrago grande em uma resid\u00eancia. A mesma estava enfrente a uma garagem quando o epis\u00f3dio aconteceu, populares e pessoas da resid\u00eancia utilizaram uma mangueira e atearam \u00e1gua no fogo no sentido de estancar o mesmo, que logo foi combatido e tudo chegou ao seu normal. N\u00e3o foi informado as causas do acidente. N\u00e3o foi revelado quem \u00e9 o propriet\u00e1rio da mesma e se esta ainda ter\u00e1 serventia.<\/p>\n<p><iframe loading=\"lazy\" title=\"WhatsApp Video 2025 02 04 at 14 47 31\" width=\"500\" height=\"281\" src=\"https:\/\/www.youtube.com\/embed\/JJ1Rb7LELlA?feature=oembed\" frameborder=\"0\" allow=\"accelerometer; autoplay; clipboard-write; encrypted-media; gyroscope; picture-in-picture; web-share\" referrerpolicy=\"strict-origin-when-cross-origin\" allowfullscreen><\/iframe><\/p>\n<p>&nbsp;<\/p>\n<p>&nbsp;<\/p>\n","protected":false},"excerpt":{"rendered":"<p>No inicio desta tarde na ladeira dos Carilos em Ilh\u00e9us, uma moto pegou fogo e por pouco n\u00e3o causou um estrago grande em uma resid\u00eancia. A mesma estava enfrente a uma garagem quando o epis\u00f3dio aconteceu, populares e pessoas da resid\u00eancia utilizaram uma mangueira e atearam \u00e1gua no fogo no sentido de estancar o mesmo, [&hellip;]<\/p>\n","protected":false},"author":3,"featured_media":14377,"comment_status":"closed","ping_status":"closed","sticky":false,"template":"","format":"standard","meta":{"_links_to":"","_links_to_target":""},"categories":[1],"tags":[],"_links":{"self":[{"href":"https:\/\/www.correiodascidades.com.br\/v1\/wp-json\/wp\/v2\/posts\/14376"}],"collection":[{"href":"https:\/\/www.correiodascidades.com.br\/v1\/wp-json\/wp\/v2\/posts"}],"about":[{"href":"https:\/\/www.correiodascidades.com.br\/v1\/wp-json\/wp\/v2\/types\/post"}],"author":[{"embeddable":true,"href":"https:\/\/www.correiodascidades.com.br\/v1\/wp-json\/wp\/v2\/users\/3"}],"replies":[{"embeddable":true,"href":"https:\/\/www.correiodascidades.com.br\/v1\/wp-json\/wp\/v2\/comments?post=14376"}],"version-history":[{"count":4,"href":"https:\/\/www.correiodascidades.com.br\/v1\/wp-json\/wp\/v2\/posts\/14376\/revisions"}],"predecessor-version":[{"id":14382,"href":"https:\/\/www.correiodascidades.com.br\/v1\/wp-json\/wp\/v2\/posts\/14376\/revisions\/14382"}],"wp:featuredmedia":[{"embeddable":true,"href":"https:\/\/www.correiodascidades.com.br\/v1\/wp-json\/wp\/v2\/media\/14377"}],"wp:attachment":[{"href":"https:\/\/www.correiodascidades.com.br\/v1\/wp-json\/wp\/v2\/media?parent=14376"}],"wp:term":[{"taxonomy":"category","embeddable":true,"href":"https:\/\/www.correiodascidades.com.br\/v1\/wp-json\/wp\/v2\/categories?post=14376"},{"taxonomy":"post_tag","embeddable":true,"href":"https:\/\/www.correiodascidades.com.br\/v1\/wp-json\/wp\/v2\/tags?post=14376"}],"curies":[{"name":"wp","href":"https:\/\/api.w.org\/{rel}","templated":true}]}}