{"id":1438,"date":"2022-11-12T11:15:28","date_gmt":"2022-11-12T14:15:28","guid":{"rendered":"https:\/\/www.correiodascidades.com.br\/v1\/?p=1438"},"modified":"2022-11-12T11:15:28","modified_gmt":"2022-11-12T14:15:28","slug":"1438","status":"publish","type":"post","link":"https:\/\/www.correiodascidades.com.br\/v1\/2022\/11\/12\/1438\/","title":{"rendered":""},"content":{"rendered":"<p><img loading=\"lazy\" class=\"\" src=\"https:\/\/www.correiodascidades.com.br\/v1\/wp-content\/uploads\/2022\/11\/transferir.jpeg\" width=\"600\" height=\"597\" \/><\/p>\n<p>Uma moradora da cidade revoltada com o que v\u00eam acontecendo na Unidade de Sa\u00fade do Munic\u00edpio de Ilh\u00e9us, procurou na manh\u00e3 deste s\u00e1bado nossa equipe de reportagem para relatar\u00a0 o\u00a0 seguinte:\u00a0<strong><em>Meu nome \u00e9 Francisca Santos, conhecida como Chica, venho aqui para exp\u00f4r den\u00fancia contra UPA, da Avenida Esperan\u00e7a. Com uma estrutura perfeita, montada e equipada pelo estado, tendo a maioria dos servidores do estado trabalhando, sem \u00f4nus para o munic\u00edpio, e muito desfalcada de m\u00e9dico pediatra. Colocaram cl\u00ednico para atender crian\u00e7as, eles ficam ligando para os colegas para saber o que prescrevem, a dose do rem\u00e9dio, a conduta, sem seguran\u00e7a nenhuma! Colocamos os nossos filhos nas m\u00e3os de amadores. A maternidade que era pra atender porta aberta ainda n\u00e3o inaugurou a UTI pediatra, vai fazer 1 ano esse lenga-lenga e nossas crian\u00e7as morrendo. O Vida Memorial fica no jogo de empurra-empurra com a upa. E o pior que tudo isso aos olhos do Conselho Municipal de Sa\u00fade, que se mant\u00e9m omisso, n\u00e3o tem coragem de agir, ou possivelmente, est\u00e1 a servi\u00e7o de algum poderoso. A gente chega nessa UPA da Av.\u00a0 Esperan\u00e7a e n\u00e3o tem direito de saber qual o m\u00e9dico est\u00e1 de plant\u00e3o, n\u00e3o temos acesso as escalas como prevista em lei e o minist\u00e9rio p\u00fablico precisa saber disso. \u00c9 lei expor a escala de servi\u00e7o de m\u00e9dicos, enfermeiros e t\u00e9cnicos de enfermagem nas institui\u00e7\u00f5es de sa\u00fade e ningu\u00e9m quer d\u00e1 informa\u00e7\u00f5es na recep\u00e7\u00e3o sobre m\u00e9dicos com a ordem de Daniela Navarro que \u00e9 a chefe da secretaria. A coordenadora da UPA nunca aparece, mandaram procur\u00e1-la no hospital Vida Memorial por passar a maior parte do tempo l\u00e1. Que palha\u00e7ada \u00e9 essa minha gente? O Minist\u00e9rio P\u00fablico de Ilh\u00e9us e Comiss\u00e3o de Sa\u00fade da C\u00e2mara de Vereadores precisa agir com rigor. Outro problema grave \u00e9 que tem cl\u00ednico rec\u00e9m formado atendendo crian\u00e7as, com sala e aparelho de raio-x do estado todo montado, mas depende da ambul\u00e2ncia levar o paciente pra outro lugar para fazer o raio-x. Crian\u00e7as que precisam aguardar transfer\u00eancia para internar no hospital mandam pra casa, tiram o rem\u00e9dio do soro para n\u00e3o ficar em observa\u00e7\u00e3o. Pra morrer em casa e eles n\u00e3o assumirem a responsabilidade! Pedimos sua interven\u00e7\u00e3o como figura p\u00fablica que corre atr\u00e1s pra caramba para tentar resolver ou amenizar o sofrimento do povo.<\/em><\/strong><!--more--><\/p>\n","protected":false},"excerpt":{"rendered":"<p>Uma moradora da cidade revoltada com o que v\u00eam acontecendo na Unidade de Sa\u00fade do Munic\u00edpio de Ilh\u00e9us, procurou na manh\u00e3 deste s\u00e1bado nossa equipe de reportagem para relatar\u00a0 o\u00a0 seguinte:\u00a0Meu nome \u00e9 Francisca Santos, conhecida como Chica, venho aqui para exp\u00f4r den\u00fancia contra UPA, da Avenida Esperan\u00e7a. Com uma estrutura perfeita, montada e equipada [&hellip;]<\/p>\n","protected":false},"author":3,"featured_media":1439,"comment_status":"closed","ping_status":"closed","sticky":false,"template":"","format":"standard","meta":{"_links_to":"","_links_to_target":""},"categories":[2],"tags":[],"_links":{"self":[{"href":"https:\/\/www.correiodascidades.com.br\/v1\/wp-json\/wp\/v2\/posts\/1438"}],"collection":[{"href":"https:\/\/www.correiodascidades.com.br\/v1\/wp-json\/wp\/v2\/posts"}],"about":[{"href":"https:\/\/www.correiodascidades.com.br\/v1\/wp-json\/wp\/v2\/types\/post"}],"author":[{"embeddable":true,"href":"https:\/\/www.correiodascidades.com.br\/v1\/wp-json\/wp\/v2\/users\/3"}],"replies":[{"embeddable":true,"href":"https:\/\/www.correiodascidades.com.br\/v1\/wp-json\/wp\/v2\/comments?post=1438"}],"version-history":[{"count":1,"href":"https:\/\/www.correiodascidades.com.br\/v1\/wp-json\/wp\/v2\/posts\/1438\/revisions"}],"predecessor-version":[{"id":1440,"href":"https:\/\/www.correiodascidades.com.br\/v1\/wp-json\/wp\/v2\/posts\/1438\/revisions\/1440"}],"wp:featuredmedia":[{"embeddable":true,"href":"https:\/\/www.correiodascidades.com.br\/v1\/wp-json\/wp\/v2\/media\/1439"}],"wp:attachment":[{"href":"https:\/\/www.correiodascidades.com.br\/v1\/wp-json\/wp\/v2\/media?parent=1438"}],"wp:term":[{"taxonomy":"category","embeddable":true,"href":"https:\/\/www.correiodascidades.com.br\/v1\/wp-json\/wp\/v2\/categories?post=1438"},{"taxonomy":"post_tag","embeddable":true,"href":"https:\/\/www.correiodascidades.com.br\/v1\/wp-json\/wp\/v2\/tags?post=1438"}],"curies":[{"name":"wp","href":"https:\/\/api.w.org\/{rel}","templated":true}]}}