{"id":14389,"date":"2025-02-04T21:53:55","date_gmt":"2025-02-05T00:53:55","guid":{"rendered":"https:\/\/www.correiodascidades.com.br\/v1\/?p=14389"},"modified":"2025-02-04T21:53:55","modified_gmt":"2025-02-05T00:53:55","slug":"prefeito-valderico-junior-prestigia-sessao-de-abertura-dos-trabalhos-da-camara-de-vereadores-de-ilheus","status":"publish","type":"post","link":"https:\/\/www.correiodascidades.com.br\/v1\/2025\/02\/04\/prefeito-valderico-junior-prestigia-sessao-de-abertura-dos-trabalhos-da-camara-de-vereadores-de-ilheus\/","title":{"rendered":"Prefeito Valderico Junior prestigia sess\u00e3o de abertura dos trabalhos da C\u00e2mara de Vereadores de Ilh\u00e9us"},"content":{"rendered":"<p><img src=\"https:\/\/www.correiodascidades.com.br\/v1\/wp-content\/uploads\/2025\/02\/b64333fc-8f10-4014-92f0-1233e0972d88.jpeg\" \/><\/p>\n<p>No pronunciamento, o chefe do Executivo destacou a import\u00e2ncia da uni\u00e3o dos poderes e anunciou a\u00e7\u00f5es para 2025<\/p>\n<p>A C\u00e2mara de Vereadores de Ilh\u00e9us realizou, nesta ter\u00e7a-feira (04), a Sess\u00e3o Solene que marcou o in\u00edcio oficial do ano legislativo. A solenidade contou com a presen\u00e7a do prefeito Valderico Junior, da vice-prefeita Wanessa Gedeon, dos secret\u00e1rios municipais e de outras autoridades locais.<\/p>\n<p>Em seu discurso, o prefeito cumprimentou os vereadores e ressaltou a import\u00e2ncia da rela\u00e7\u00e3o entre os poderes Executivo e Legislativo para o avan\u00e7o da cidade:<\/p>\n<p>&#8220;Reconhecemos e respeitamos a autonomia e a independ\u00eancia dos poderes, mas tamb\u00e9m acreditamos na for\u00e7a da coopera\u00e7\u00e3o e da uni\u00e3o. Por isso, espero que esta Casa seja tamb\u00e9m uma extens\u00e3o do di\u00e1logo para viabilizarmos projetos que impactem positivamente a vida de todos os cidad\u00e3os e cidad\u00e3s ilheenses&#8221;.<!--more--><\/p>\n<p>O chefe do Executivo tamb\u00e9m falou sobre o plano dos primeiros 100 dias, j\u00e1 em curso, citando as a\u00e7\u00f5es do primeiro m\u00eas da gest\u00e3o. Anunciou, ainda, uma s\u00e9rie de projetos a serem realizados ao longo do ano, como a revitaliza\u00e7\u00e3o das feiras da Central de Abastecimento do Malhado e da Urbis, a abertura de um Pronto Atendimento 24 horas no Teot\u00f4nio Vilela e investimentos em turismo e cultura, mencionando a entrega do Teatro Municipal e a realiza\u00e7\u00e3o do S\u00e3o Jo\u00e3o.<\/p>\n<p>\u201cNossos esfor\u00e7os ser\u00e3o recompensados \u200b\u200bao vermos a cidade se reerguendo e recuperando toda a sua autoestima, que nunca deveria ter sido perdida. Nosso futuro depende da garra e do compromisso de cada um de n\u00f3s\u201d, concluiu.<\/p>\n","protected":false},"excerpt":{"rendered":"<p>No pronunciamento, o chefe do Executivo destacou a import\u00e2ncia da uni\u00e3o dos poderes e anunciou a\u00e7\u00f5es para 2025 A C\u00e2mara de Vereadores de Ilh\u00e9us realizou, nesta ter\u00e7a-feira (04), a Sess\u00e3o Solene que marcou o in\u00edcio oficial do ano legislativo. A solenidade contou com a presen\u00e7a do prefeito Valderico Junior, da vice-prefeita Wanessa Gedeon, dos secret\u00e1rios [&hellip;]<\/p>\n","protected":false},"author":3,"featured_media":14390,"comment_status":"closed","ping_status":"closed","sticky":false,"template":"","format":"standard","meta":{"_links_to":"","_links_to_target":""},"categories":[1],"tags":[],"_links":{"self":[{"href":"https:\/\/www.correiodascidades.com.br\/v1\/wp-json\/wp\/v2\/posts\/14389"}],"collection":[{"href":"https:\/\/www.correiodascidades.com.br\/v1\/wp-json\/wp\/v2\/posts"}],"about":[{"href":"https:\/\/www.correiodascidades.com.br\/v1\/wp-json\/wp\/v2\/types\/post"}],"author":[{"embeddable":true,"href":"https:\/\/www.correiodascidades.com.br\/v1\/wp-json\/wp\/v2\/users\/3"}],"replies":[{"embeddable":true,"href":"https:\/\/www.correiodascidades.com.br\/v1\/wp-json\/wp\/v2\/comments?post=14389"}],"version-history":[{"count":1,"href":"https:\/\/www.correiodascidades.com.br\/v1\/wp-json\/wp\/v2\/posts\/14389\/revisions"}],"predecessor-version":[{"id":14391,"href":"https:\/\/www.correiodascidades.com.br\/v1\/wp-json\/wp\/v2\/posts\/14389\/revisions\/14391"}],"wp:featuredmedia":[{"embeddable":true,"href":"https:\/\/www.correiodascidades.com.br\/v1\/wp-json\/wp\/v2\/media\/14390"}],"wp:attachment":[{"href":"https:\/\/www.correiodascidades.com.br\/v1\/wp-json\/wp\/v2\/media?parent=14389"}],"wp:term":[{"taxonomy":"category","embeddable":true,"href":"https:\/\/www.correiodascidades.com.br\/v1\/wp-json\/wp\/v2\/categories?post=14389"},{"taxonomy":"post_tag","embeddable":true,"href":"https:\/\/www.correiodascidades.com.br\/v1\/wp-json\/wp\/v2\/tags?post=14389"}],"curies":[{"name":"wp","href":"https:\/\/api.w.org\/{rel}","templated":true}]}}