{"id":14393,"date":"2025-02-05T20:35:31","date_gmt":"2025-02-05T23:35:31","guid":{"rendered":"https:\/\/www.correiodascidades.com.br\/v1\/?p=14393"},"modified":"2025-02-05T20:35:31","modified_gmt":"2025-02-05T23:35:31","slug":"tragedia-na-igreja-de-sao-francisco-turista-de-sp-morre-e-outras-cinco-pessoas-ficam-feridas-apos-desabamento-do-teto","status":"publish","type":"post","link":"https:\/\/www.correiodascidades.com.br\/v1\/2025\/02\/05\/tragedia-na-igreja-de-sao-francisco-turista-de-sp-morre-e-outras-cinco-pessoas-ficam-feridas-apos-desabamento-do-teto\/","title":{"rendered":"Trag\u00e9dia na igreja de S\u00e3o Francisco: turista de SP morre e outras cinco pessoas ficam feridas ap\u00f3s desabamento do teto."},"content":{"rendered":"<p><img src=\"https:\/\/www.correiodascidades.com.br\/v1\/wp-content\/uploads\/2025\/02\/giulia-panchoni-righetto-2598920-_1_.jpeg\" \/><\/p>\n<p><span class=\"dropcap \">U<\/span>ma turista de 26 anos morreu e outras cinco pessoas ficaram feridas depois que parte do teto da Igreja de S\u00e3o Francisco de Assis, conhecida como \u201cigreja de ouro\u201d, desabou na tarde desta quarta-feira (5), no Centro Hist\u00f3rico de Salvador. A informa\u00e7\u00e3o foi confirmada pelo Corpo de Bombeiros Militar da Bahia (CBM-BA).<\/p>\n<p>A turista foi identificada como Giulia Panchoni Righetto, natural de Ribeir\u00e3o Preto, no interior de S\u00e3o Paulo, segundo a delegada titular da Delegacia de Prote\u00e7\u00e3o ao Turista (Deltur), Camila Albuquerque. A jovem passeava no local com o namorado e um casal de amigos. Os homens n\u00e3o se feriram, pois estavam um espa\u00e7o mais afastado. A amiga da turista sofreu um corte na testa e foi levada para um hospital da cidade.<\/p>\n<p>O acidente ocorreu por volta das 14h30, no templo da Ordem Primeira de S\u00e3o Francisco, que fica no Largo do Cruzeiro de S\u00e3o Francisco, no Pelourinho. Imagens feitas por testemunhas mostram os estragos logo ap\u00f3s o desabamento. O espa\u00e7o onde os fi\u00e9is ficavam durante as missas foi coberto por destro\u00e7os, principalmente a madeira que cobria o telhado.<!--more--><\/p>\n<blockquote><p>\u201cTodo o espa\u00e7o central da igreja cedeu. Possivelmente, alguma parte dessa cobertura se rompeu e, com o peso desse espa\u00e7o superior do teto, a madeira veio abaixo com o sobrepeso\u201d, afirmou S\u00f3sthenes Macedo, coordenador da Defesa Civil de Salvador.<\/p><\/blockquote>\n<p>Ainda de acordo com a Defesa Civil, al\u00e9m da amiga de Giulia, outras cinco pessoas ficaram feridas no desabamento. Uma foi atendida pelo Servi\u00e7o de Atendimento M\u00f3vel de Urg\u00eancia (Samu) e as outras cinco pelos bombeiros. Todas tiveram ferimentos leves, mas os nomes n\u00e3o foram divulgados.<\/p>\n","protected":false},"excerpt":{"rendered":"<p>Uma turista de 26 anos morreu e outras cinco pessoas ficaram feridas depois que parte do teto da Igreja de S\u00e3o Francisco de Assis, conhecida como \u201cigreja de ouro\u201d, desabou na tarde desta quarta-feira (5), no Centro Hist\u00f3rico de Salvador. A informa\u00e7\u00e3o foi confirmada pelo Corpo de Bombeiros Militar da Bahia (CBM-BA). A turista foi [&hellip;]<\/p>\n","protected":false},"author":3,"featured_media":14394,"comment_status":"closed","ping_status":"closed","sticky":false,"template":"","format":"standard","meta":{"_links_to":"","_links_to_target":""},"categories":[1],"tags":[],"_links":{"self":[{"href":"https:\/\/www.correiodascidades.com.br\/v1\/wp-json\/wp\/v2\/posts\/14393"}],"collection":[{"href":"https:\/\/www.correiodascidades.com.br\/v1\/wp-json\/wp\/v2\/posts"}],"about":[{"href":"https:\/\/www.correiodascidades.com.br\/v1\/wp-json\/wp\/v2\/types\/post"}],"author":[{"embeddable":true,"href":"https:\/\/www.correiodascidades.com.br\/v1\/wp-json\/wp\/v2\/users\/3"}],"replies":[{"embeddable":true,"href":"https:\/\/www.correiodascidades.com.br\/v1\/wp-json\/wp\/v2\/comments?post=14393"}],"version-history":[{"count":1,"href":"https:\/\/www.correiodascidades.com.br\/v1\/wp-json\/wp\/v2\/posts\/14393\/revisions"}],"predecessor-version":[{"id":14395,"href":"https:\/\/www.correiodascidades.com.br\/v1\/wp-json\/wp\/v2\/posts\/14393\/revisions\/14395"}],"wp:featuredmedia":[{"embeddable":true,"href":"https:\/\/www.correiodascidades.com.br\/v1\/wp-json\/wp\/v2\/media\/14394"}],"wp:attachment":[{"href":"https:\/\/www.correiodascidades.com.br\/v1\/wp-json\/wp\/v2\/media?parent=14393"}],"wp:term":[{"taxonomy":"category","embeddable":true,"href":"https:\/\/www.correiodascidades.com.br\/v1\/wp-json\/wp\/v2\/categories?post=14393"},{"taxonomy":"post_tag","embeddable":true,"href":"https:\/\/www.correiodascidades.com.br\/v1\/wp-json\/wp\/v2\/tags?post=14393"}],"curies":[{"name":"wp","href":"https:\/\/api.w.org\/{rel}","templated":true}]}}