{"id":14399,"date":"2025-02-05T20:40:54","date_gmt":"2025-02-05T23:40:54","guid":{"rendered":"https:\/\/www.correiodascidades.com.br\/v1\/?p=14399"},"modified":"2025-02-05T20:40:54","modified_gmt":"2025-02-05T23:40:54","slug":"policia-civil-vai-apurar-incidente-em-igreja-que-matou-uma-turista-no-pelourinho","status":"publish","type":"post","link":"https:\/\/www.correiodascidades.com.br\/v1\/2025\/02\/05\/policia-civil-vai-apurar-incidente-em-igreja-que-matou-uma-turista-no-pelourinho\/","title":{"rendered":"Pol\u00edcia Civil vai apurar incidente em igreja que matou uma turista no Pelourinho"},"content":{"rendered":"<p><img src=\"https:\/\/www.correiodascidades.com.br\/v1\/wp-content\/uploads\/2025\/02\/5_0.jpeg\" \/><\/p>\n<p>O Departamento de Homic\u00eddios e Prote\u00e7\u00e3o \u00e0 Pessoa (DHPP) investiga a morte da turista Giulia Panchoni Righetto, de 26 anos, nesta quarta-feira (5), no Pelourinho, em Salvador. Giulia, que era natural de Ribeir\u00e3o Preto (SP), estava visitando a Igreja de S\u00e3o Francisco, situada no Largo do Cruzeiro de S\u00e3o Francisco, quando o teto da bas\u00edlica desabou.<\/p>\n<p>Al\u00e9m da v\u00edtima, outras cinco pessoas ficaram feridas, incluindo uma turista. Os feridos foram socorridos por equipes do Servi\u00e7o de Atendimento M\u00f3vel de Urg\u00eancia (SAMU) e do Corpo de Bombeiros, sendo encaminhados para uma unidade de sa\u00fade local. De acordo com as autoridades, todos sofreram apenas ferimentos leves e n\u00e3o correm risco de morte.<\/p>\n<p>Guias foram expedidas para o trabalho do Departamento de Pol\u00edcia T\u00e9cnica (DPT) e os laudos periciais ser\u00e3o essenciais para esclarecer as causas do acidente.<\/p>\n<p>A Igreja de S\u00e3o Francisco, um dos principais pontos tur\u00edsticos do local, \u00e9 conhecida por seu contraste arquitet\u00f4nico: um exterior austero inspirado nas edifica\u00e7\u00f5es jesu\u00edtas e um interior ricamente decorado, com detalhes luxuosos. O edif\u00edcio foi constru\u00eddo com pedra calc\u00e1ria em suas partes aparentes e arenito nas \u00e1reas rebocadas.<\/p>\n","protected":false},"excerpt":{"rendered":"<p>O Departamento de Homic\u00eddios e Prote\u00e7\u00e3o \u00e0 Pessoa (DHPP) investiga a morte da turista Giulia Panchoni Righetto, de 26 anos, nesta quarta-feira (5), no Pelourinho, em Salvador. Giulia, que era natural de Ribeir\u00e3o Preto (SP), estava visitando a Igreja de S\u00e3o Francisco, situada no Largo do Cruzeiro de S\u00e3o Francisco, quando o teto da bas\u00edlica [&hellip;]<\/p>\n","protected":false},"author":3,"featured_media":14400,"comment_status":"closed","ping_status":"closed","sticky":false,"template":"","format":"standard","meta":{"_links_to":"","_links_to_target":""},"categories":[1],"tags":[],"_links":{"self":[{"href":"https:\/\/www.correiodascidades.com.br\/v1\/wp-json\/wp\/v2\/posts\/14399"}],"collection":[{"href":"https:\/\/www.correiodascidades.com.br\/v1\/wp-json\/wp\/v2\/posts"}],"about":[{"href":"https:\/\/www.correiodascidades.com.br\/v1\/wp-json\/wp\/v2\/types\/post"}],"author":[{"embeddable":true,"href":"https:\/\/www.correiodascidades.com.br\/v1\/wp-json\/wp\/v2\/users\/3"}],"replies":[{"embeddable":true,"href":"https:\/\/www.correiodascidades.com.br\/v1\/wp-json\/wp\/v2\/comments?post=14399"}],"version-history":[{"count":1,"href":"https:\/\/www.correiodascidades.com.br\/v1\/wp-json\/wp\/v2\/posts\/14399\/revisions"}],"predecessor-version":[{"id":14401,"href":"https:\/\/www.correiodascidades.com.br\/v1\/wp-json\/wp\/v2\/posts\/14399\/revisions\/14401"}],"wp:featuredmedia":[{"embeddable":true,"href":"https:\/\/www.correiodascidades.com.br\/v1\/wp-json\/wp\/v2\/media\/14400"}],"wp:attachment":[{"href":"https:\/\/www.correiodascidades.com.br\/v1\/wp-json\/wp\/v2\/media?parent=14399"}],"wp:term":[{"taxonomy":"category","embeddable":true,"href":"https:\/\/www.correiodascidades.com.br\/v1\/wp-json\/wp\/v2\/categories?post=14399"},{"taxonomy":"post_tag","embeddable":true,"href":"https:\/\/www.correiodascidades.com.br\/v1\/wp-json\/wp\/v2\/tags?post=14399"}],"curies":[{"name":"wp","href":"https:\/\/api.w.org\/{rel}","templated":true}]}}