{"id":1441,"date":"2022-11-12T12:45:22","date_gmt":"2022-11-12T15:45:22","guid":{"rendered":"https:\/\/www.correiodascidades.com.br\/v1\/?p=1441"},"modified":"2022-11-12T12:47:21","modified_gmt":"2022-11-12T15:47:21","slug":"ilheus-arvore-na-praca-do-cacau-quebrou-e-esta-praticamente-sobre-o-ponto-de-onibus","status":"publish","type":"post","link":"https:\/\/www.correiodascidades.com.br\/v1\/2022\/11\/12\/ilheus-arvore-na-praca-do-cacau-quebrou-e-esta-praticamente-sobre-o-ponto-de-onibus\/","title":{"rendered":"ILH\u00c9US: \u00c1rvore na Pra\u00e7a do Cacau\u00a0 quebrou e est\u00e1 praticamente sobre o ponto de \u00f4nibus."},"content":{"rendered":"<p><img src=\"https:\/\/www.correiodascidades.com.br\/v1\/wp-content\/uploads\/2022\/11\/arvore-e1668267854779.jpeg\" \/><\/p>\n<p>&nbsp;<\/p>\n<p>Transeuntes e usu\u00e1rios do transporte coletivo da cidade que pegam carros no ponto localizado na Pra\u00e7a Rui Barbosa, denominada \u201cPra\u00e7a do Cacau\u201d bairro Cidade Nova est\u00e3o com medo de ficarem no local. <!--more--><\/p>\n<p>Al\u00e9m do isolamento na citada localidade, aliado ao abandono em, todos os sentidos, inclusive com registros de ocorr\u00eancias de roubos as pessoas \u00a0que ficam no ponto agora est\u00e3o enfrentando o desafio de serem atingidos pelas \u00e1rvores que amea\u00e7am cair.<\/p>\n<p>No local uma delas j\u00e1 caiu e est\u00e1 visivelmente a mostra causando medo e preocupa\u00e7\u00e3o. Chamamos aten\u00e7\u00e3o da prefeitura atrav\u00e9s da secretaria respons\u00e1vel para realizar o servi\u00e7o de poda. Resolver o problema.<\/p>\n","protected":false},"excerpt":{"rendered":"<p>&nbsp; Transeuntes e usu\u00e1rios do transporte coletivo da cidade que pegam carros no ponto localizado na Pra\u00e7a Rui Barbosa, denominada \u201cPra\u00e7a do Cacau\u201d bairro Cidade Nova est\u00e3o com medo de ficarem no local.<\/p>\n","protected":false},"author":3,"featured_media":1442,"comment_status":"closed","ping_status":"closed","sticky":false,"template":"","format":"standard","meta":{"_links_to":"","_links_to_target":""},"categories":[2],"tags":[],"_links":{"self":[{"href":"https:\/\/www.correiodascidades.com.br\/v1\/wp-json\/wp\/v2\/posts\/1441"}],"collection":[{"href":"https:\/\/www.correiodascidades.com.br\/v1\/wp-json\/wp\/v2\/posts"}],"about":[{"href":"https:\/\/www.correiodascidades.com.br\/v1\/wp-json\/wp\/v2\/types\/post"}],"author":[{"embeddable":true,"href":"https:\/\/www.correiodascidades.com.br\/v1\/wp-json\/wp\/v2\/users\/3"}],"replies":[{"embeddable":true,"href":"https:\/\/www.correiodascidades.com.br\/v1\/wp-json\/wp\/v2\/comments?post=1441"}],"version-history":[{"count":3,"href":"https:\/\/www.correiodascidades.com.br\/v1\/wp-json\/wp\/v2\/posts\/1441\/revisions"}],"predecessor-version":[{"id":1445,"href":"https:\/\/www.correiodascidades.com.br\/v1\/wp-json\/wp\/v2\/posts\/1441\/revisions\/1445"}],"wp:featuredmedia":[{"embeddable":true,"href":"https:\/\/www.correiodascidades.com.br\/v1\/wp-json\/wp\/v2\/media\/1442"}],"wp:attachment":[{"href":"https:\/\/www.correiodascidades.com.br\/v1\/wp-json\/wp\/v2\/media?parent=1441"}],"wp:term":[{"taxonomy":"category","embeddable":true,"href":"https:\/\/www.correiodascidades.com.br\/v1\/wp-json\/wp\/v2\/categories?post=1441"},{"taxonomy":"post_tag","embeddable":true,"href":"https:\/\/www.correiodascidades.com.br\/v1\/wp-json\/wp\/v2\/tags?post=1441"}],"curies":[{"name":"wp","href":"https:\/\/api.w.org\/{rel}","templated":true}]}}