{"id":14412,"date":"2025-02-06T19:14:43","date_gmt":"2025-02-06T22:14:43","guid":{"rendered":"https:\/\/www.correiodascidades.com.br\/v1\/?p=14412"},"modified":"2025-02-06T19:14:43","modified_gmt":"2025-02-06T22:14:43","slug":"nota-oficial-atendimento-do-samu-192","status":"publish","type":"post","link":"https:\/\/www.correiodascidades.com.br\/v1\/2025\/02\/06\/nota-oficial-atendimento-do-samu-192\/","title":{"rendered":"Nota Oficial: Atendimento do SAMU 192"},"content":{"rendered":"<p><img src=\"https:\/\/www.correiodascidades.com.br\/v1\/wp-content\/uploads\/2025\/02\/4f7e10a7-4ada-4b8a-9884-e46281382839.jpeg\" \/><\/p>\n<p>A Prefeitura de Ilh\u00e9us, por meio da Secretaria Municipal de Sa\u00fade, informa \u00e0 popula\u00e7\u00e3o que o servi\u00e7o de urg\u00eancia e emerg\u00eancia do SAMU 192 foi restabelecido. O problema t\u00e9cnico que afetou o recebimento de chamadas foi solucionado pela operadora de telefonia respons\u00e1vel, normalizando a comunica\u00e7\u00e3o para atendimentos.<\/p>\n<p>A Prefeitura agradece pela compreens\u00e3o e refor\u00e7a seu compromisso com a sa\u00fade e o bem-estar da popula\u00e7\u00e3o. Em caso de emerg\u00eancia, o n\u00famero 192 j\u00e1 est\u00e1 dispon\u00edvel para contato imediato.<\/p>\n<p>Ilh\u00e9us-BA, 6 de fevereiro de 2025<\/p>\n<p>Secretaria Municipal de Sa\u00fade<br \/>\nPrefeitura de Ilh\u00e9us<\/p>\n","protected":false},"excerpt":{"rendered":"<p>A Prefeitura de Ilh\u00e9us, por meio da Secretaria Municipal de Sa\u00fade, informa \u00e0 popula\u00e7\u00e3o que o servi\u00e7o de urg\u00eancia e emerg\u00eancia do SAMU 192 foi restabelecido. O problema t\u00e9cnico que afetou o recebimento de chamadas foi solucionado pela operadora de telefonia respons\u00e1vel, normalizando a comunica\u00e7\u00e3o para atendimentos. A Prefeitura agradece pela compreens\u00e3o e refor\u00e7a seu [&hellip;]<\/p>\n","protected":false},"author":3,"featured_media":14414,"comment_status":"closed","ping_status":"closed","sticky":false,"template":"","format":"standard","meta":{"_links_to":"","_links_to_target":""},"categories":[1],"tags":[],"_links":{"self":[{"href":"https:\/\/www.correiodascidades.com.br\/v1\/wp-json\/wp\/v2\/posts\/14412"}],"collection":[{"href":"https:\/\/www.correiodascidades.com.br\/v1\/wp-json\/wp\/v2\/posts"}],"about":[{"href":"https:\/\/www.correiodascidades.com.br\/v1\/wp-json\/wp\/v2\/types\/post"}],"author":[{"embeddable":true,"href":"https:\/\/www.correiodascidades.com.br\/v1\/wp-json\/wp\/v2\/users\/3"}],"replies":[{"embeddable":true,"href":"https:\/\/www.correiodascidades.com.br\/v1\/wp-json\/wp\/v2\/comments?post=14412"}],"version-history":[{"count":1,"href":"https:\/\/www.correiodascidades.com.br\/v1\/wp-json\/wp\/v2\/posts\/14412\/revisions"}],"predecessor-version":[{"id":14415,"href":"https:\/\/www.correiodascidades.com.br\/v1\/wp-json\/wp\/v2\/posts\/14412\/revisions\/14415"}],"wp:featuredmedia":[{"embeddable":true,"href":"https:\/\/www.correiodascidades.com.br\/v1\/wp-json\/wp\/v2\/media\/14414"}],"wp:attachment":[{"href":"https:\/\/www.correiodascidades.com.br\/v1\/wp-json\/wp\/v2\/media?parent=14412"}],"wp:term":[{"taxonomy":"category","embeddable":true,"href":"https:\/\/www.correiodascidades.com.br\/v1\/wp-json\/wp\/v2\/categories?post=14412"},{"taxonomy":"post_tag","embeddable":true,"href":"https:\/\/www.correiodascidades.com.br\/v1\/wp-json\/wp\/v2\/tags?post=14412"}],"curies":[{"name":"wp","href":"https:\/\/api.w.org\/{rel}","templated":true}]}}